{"id":3328,"date":"2025-02-08T08:12:10","date_gmt":"2025-02-08T08:12:10","guid":{"rendered":"https:\/\/habergalatasaray.tr\/?p=3328"},"modified":"2025-02-08T08:12:10","modified_gmt":"2025-02-08T08:12:10","slug":"mehmet-demirkol-galatasarayin-yaptigi-olaganustu-avrupada-boyle-dortlu-bilmiyorum","status":"publish","type":"post","link":"https:\/\/habergalatasaray.tr\/index.php\/2025\/02\/08\/mehmet-demirkol-galatasarayin-yaptigi-olaganustu-avrupada-boyle-dortlu-bilmiyorum\/","title":{"rendered":"Mehmet Demirkol: &#8220;Galatasaray&#8217;\u0131n yapt\u0131\u011f\u0131 ola\u011fan\u00fcst\u00fc, Avrupa&#8217;da b\u00f6yle d\u00f6rtl\u00fc bilmiyorum&#8221;"},"content":{"rendered":"<p>Galatasaray&#8217;\u0131n santrfor transferleri Avrupa&#8217;da b\u00fcy\u00fck ses getiriyor.<\/p>\n<p>Son olarak Alvaro Morata&#8217;y\u0131 transfer eden sar\u0131 k\u0131rm\u0131z\u0131l\u0131lar, daha sonra Michy Batshuayi ile yollar\u0131n\u0131 ay\u0131rd\u0131.<\/p>\n<p>K\u0131sa bir m\u00fcddet de olsa 4 b\u00fcy\u00fck golc\u00fcn\u00fcn bir ortada olmas\u0131 inan\u0131lmaz bir tablo olu\u015fturdu.<\/p>\n<p><strong>MEHMET DEM\u0130RKOL&#8217;DAN \u00d6VG\u00dc<\/strong><\/p>\n<p>Socrates Mecmua Youtube kanal\u0131nda Mehmet Demirkol, Galatasaray&#8217;\u0131n santrfor s\u0131n\u0131r\u0131yla ilgili \u00f6vg\u00fc dolu yorumlarda bulundu.<\/p>\n<p><strong>Demirkol&#8217;un a\u00e7\u0131klamalar\u0131 \u015fu halde:<\/strong><\/p>\n<p><strong>&#8220;OLA&#286;AN\u00dcST\u00dc B\u0130R D\u00d6RTL\u00dc&#8221;<\/strong><\/p>\n<p>&#8220;Icardi, Osimhen, Morata, Batshuayi&#8230; Bu acayip bir d\u00f6rtl\u00fc. Bu t\u00fcrl\u00fc bir \u015fey ben bilmiyorum. Batshuayi gitti fakat birebir anda sonu\u00e7ta bir ortadayd\u0131lar. \u0130nan\u0131lmaz bir d\u00f6rtl\u00fc.&#8221;<\/p>\n<p><strong>&#8220;K\u0130MDE BU T\u00dcRL\u00dc B\u0130R \u015eEY OLMU\u015eTUR?&#8221;<\/strong><\/p>\n<p>&#8220;Avrupa&#8217;da kimde bu t\u00fcrl\u00fc bir \u015fey olmu\u015ftur bilmiyorum. 9 numara diyebilece\u011fin oyunculardan bahsediyorum. 4 tane birden s\u0131k\u0131nt\u0131.&#8221; s\u00f6zlerini kulland\u0131.<\/p>\n<p><img decoding=\"async\" class=\"detayFoto\" src=\"https:\/\/habergalatasaray.tr\/wp-content\/uploads\/2025\/02\/mehmet-demirkol-galatasarayin-yaptigi-olaganustu-avrupada-boyle-dortlu-bilmiyorum-0-C2uqTNWY.jpg\"><\/p>\n<p><strong>Kaynak: habersarikirmizi.com<\/strong><\/p>\n","protected":false},"excerpt":{"rendered":"<p>Galatasaray&#8217;\u0131n orta transfer \u00e7al\u0131\u015fmalar\u0131 devam ederken heyecanland\u0131ran at\u0131l\u0131mlar geliyor.<\/p>\n","protected":false},"author":1,"featured_media":3329,"comment_status":"open","ping_status":"open","sticky":false,"template":"","format":"standard","meta":{"footnotes":""},"categories":[1],"tags":[37],"class_list":["post-3328","post","type-post","status-publish","format-standard","has-post-thumbnail","hentry","category-galatasaray-haber","tag-bir"],"_links":{"self":[{"href":"https:\/\/habergalatasaray.tr\/index.php\/wp-json\/wp\/v2\/posts\/3328","targetHints":{"allow":["GET"]}}],"collection":[{"href":"https:\/\/habergalatasaray.tr\/index.php\/wp-json\/wp\/v2\/posts"}],"about":[{"href":"https:\/\/habergalatasaray.tr\/index.php\/wp-json\/wp\/v2\/types\/post"}],"author":[{"embeddable":true,"href":"https:\/\/habergalatasaray.tr\/index.php\/wp-json\/wp\/v2\/users\/1"}],"replies":[{"embeddable":true,"href":"https:\/\/habergalatasaray.tr\/index.php\/wp-json\/wp\/v2\/comments?post=3328"}],"version-history":[{"count":1,"href":"https:\/\/habergalatasaray.tr\/index.php\/wp-json\/wp\/v2\/posts\/3328\/revisions"}],"predecessor-version":[{"id":3331,"href":"https:\/\/habergalatasaray.tr\/index.php\/wp-json\/wp\/v2\/posts\/3328\/revisions\/3331"}],"wp:featuredmedia":[{"embeddable":true,"href":"https:\/\/habergalatasaray.tr\/index.php\/wp-json\/wp\/v2\/media\/3329"}],"wp:attachment":[{"href":"https:\/\/habergalatasaray.tr\/index.php\/wp-json\/wp\/v2\/media?parent=3328"}],"wp:term":[{"taxonomy":"category","embeddable":true,"href":"https:\/\/habergalatasaray.tr\/index.php\/wp-json\/wp\/v2\/categories?post=3328"},{"taxonomy":"post_tag","embeddable":true,"href":"https:\/\/habergalatasaray.tr\/index.php\/wp-json\/wp\/v2\/tags?post=3328"}],"curies":[{"name":"wp","href":"https:\/\/api.w.org\/{rel}","templated":true}]}}