{"id":3335,"date":"2025-02-08T08:48:11","date_gmt":"2025-02-08T08:48:11","guid":{"rendered":"https:\/\/habergalatasaray.tr\/?p=3335"},"modified":"2025-02-08T08:48:11","modified_gmt":"2025-02-08T08:48:11","slug":"burhan-can-terzi-son-aldigim-bilgi-galatasaraya-transferinin-daha-yakin-oldugunu-ogrendim","status":"publish","type":"post","link":"https:\/\/habergalatasaray.tr\/index.php\/2025\/02\/08\/burhan-can-terzi-son-aldigim-bilgi-galatasaraya-transferinin-daha-yakin-oldugunu-ogrendim\/","title":{"rendered":"Burhan Can Terzi: &#8220;Son ald\u0131\u011f\u0131m bilgi, Galatasaray&#8217;a transferinin daha yak\u0131n oldu\u011funu \u00f6\u011frendim&#8221;"},"content":{"rendered":"<p>Galatasaray muhabiri Burhan Can Terzi, Sportcell Youtube kanal\u0131nda Galatasaray&#8217;\u0131n transfer g\u00fcndemiyle ilgili bilgiler aktard\u0131.<\/p>\n<p><strong>Terzi&#8217;nin a\u00e7\u0131klamalar\u0131 \u015fu halde:<\/strong><\/p>\n<p><strong>&#8220;KYLE WALKEPETER TRANSFER\u0130 YAKIN&#8221;<\/strong><\/p>\n<p>&#8220;Sa\u011f bek konusunda 4 futbolcuya teklif yap\u0131ld\u0131. Son ald\u0131\u011f\u0131m bilgi, sa\u011f bek i\u00e7in Kyle Walker-Peters isminin daha yak\u0131n oldu\u011funu \u00f6\u011frendim.&#8221;<\/p>\n<p><img decoding=\"async\" class=\"detayFoto\" src=\"https:\/\/habergalatasaray.tr\/wp-content\/uploads\/2025\/02\/burhan-can-terzi-son-aldigim-bilgi-galatasaraya-transferinin-daha-yakin-oldugunu-ogrendim-0-P6GiUryX.jpg\"><\/p>\n<p><strong>&#8220;YUSUF DEM\u0130R MUHTEMELEN AYRILACAK&#8221;<\/strong><\/p>\n<p>&#8220;Yusuf Demir&#8217;i isteyenler var, muhtemelen kadrodan ayr\u0131lacak.&#8221;<\/p>\n<p><img decoding=\"async\" class=\"detayFoto\" src=\"https:\/\/habergalatasaray.tr\/wp-content\/uploads\/2025\/02\/burhan-can-terzi-son-aldigim-bilgi-galatasaraya-transferinin-daha-yakin-oldugunu-ogrendim-1-kVdnYeC6.jpg\"><\/p>\n<p><strong>&#8220;\u0130LKAY \u0130\u00c7\u0130N M\u00dcREKKEB\u0130N KA&#286;IDA DE&#286;MES\u0130 KALMI\u015eTI&#8221;<\/strong><\/p>\n<p>&#8220;Yaz\u0131n \u0130lkay G\u00fcndo\u011fan i\u00e7in m\u00fcrekkebin ka\u011f\u0131da de\u011fmesi kalm\u0131\u015ft\u0131. Son dakika da Guardiola istedi\u011fi i\u00e7in Manchester City&#8217;e gitti.&#8221;<\/p>\n<p><img decoding=\"async\" class=\"detayFoto\" src=\"https:\/\/habergalatasaray.tr\/wp-content\/uploads\/2025\/02\/burhan-can-terzi-son-aldigim-bilgi-galatasaraya-transferinin-daha-yakin-oldugunu-ogrendim-2-g445xvU3.jpg\"><\/p>\n<p><strong>&#8220;LEMINA&#8217;YI SORDUM&#8221;<\/strong><\/p>\n<p>&#8220;Galatasaray lider yard\u0131mc\u0131s\u0131na &#8216;Lemina, \u0130stanbul&#8217;da m\u0131?&#8217; diye sordum. &#8216;2 saat evvel a\u011fabeyiyle konu\u015ftuk, biz geldik evet dedi&#8217; kar\u015f\u0131l\u0131\u011f\u0131 ald\u0131m.&#8221; s\u00f6zlerini kulland\u0131.<\/p>\n<p><img decoding=\"async\" class=\"detayFoto\" src=\"https:\/\/habergalatasaray.tr\/wp-content\/uploads\/2025\/02\/burhan-can-terzi-son-aldigim-bilgi-galatasaraya-transferinin-daha-yakin-oldugunu-ogrendim-3-FB51sICR.jpg\"><\/p>\n","protected":false},"excerpt":{"rendered":"<p>Galatasaray&#8217;da transferde \u00e7ok kritik g\u00fcnlere girilirken de\u011ferli g\u00f6r\u00fc\u015fmeler yap\u0131l\u0131yor.<\/p>\n","protected":false},"author":1,"featured_media":3336,"comment_status":"open","ping_status":"open","sticky":false,"template":"","format":"standard","meta":{"footnotes":""},"categories":[1],"tags":[],"class_list":["post-3335","post","type-post","status-publish","format-standard","has-post-thumbnail","hentry","category-galatasaray-haber"],"_links":{"self":[{"href":"https:\/\/habergalatasaray.tr\/index.php\/wp-json\/wp\/v2\/posts\/3335","targetHints":{"allow":["GET"]}}],"collection":[{"href":"https:\/\/habergalatasaray.tr\/index.php\/wp-json\/wp\/v2\/posts"}],"about":[{"href":"https:\/\/habergalatasaray.tr\/index.php\/wp-json\/wp\/v2\/types\/post"}],"author":[{"embeddable":true,"href":"https:\/\/habergalatasaray.tr\/index.php\/wp-json\/wp\/v2\/users\/1"}],"replies":[{"embeddable":true,"href":"https:\/\/habergalatasaray.tr\/index.php\/wp-json\/wp\/v2\/comments?post=3335"}],"version-history":[{"count":1,"href":"https:\/\/habergalatasaray.tr\/index.php\/wp-json\/wp\/v2\/posts\/3335\/revisions"}],"predecessor-version":[{"id":3341,"href":"https:\/\/habergalatasaray.tr\/index.php\/wp-json\/wp\/v2\/posts\/3335\/revisions\/3341"}],"wp:featuredmedia":[{"embeddable":true,"href":"https:\/\/habergalatasaray.tr\/index.php\/wp-json\/wp\/v2\/media\/3336"}],"wp:attachment":[{"href":"https:\/\/habergalatasaray.tr\/index.php\/wp-json\/wp\/v2\/media?parent=3335"}],"wp:term":[{"taxonomy":"category","embeddable":true,"href":"https:\/\/habergalatasaray.tr\/index.php\/wp-json\/wp\/v2\/categories?post=3335"},{"taxonomy":"post_tag","embeddable":true,"href":"https:\/\/habergalatasaray.tr\/index.php\/wp-json\/wp\/v2\/tags?post=3335"}],"curies":[{"name":"wp","href":"https:\/\/api.w.org\/{rel}","templated":true}]}}