{"id":3376,"date":"2025-02-08T11:48:08","date_gmt":"2025-02-08T11:48:08","guid":{"rendered":"https:\/\/habergalatasaray.tr\/?p=3376"},"modified":"2025-02-08T11:48:08","modified_gmt":"2025-02-08T11:48:08","slug":"sinan-engin-galatasarayin-oyuncusu-degil-ikisi-de-anadolu-takimi-oyunculari-gibi-alip-seni-sampiyon-yapamazlar","status":"publish","type":"post","link":"https:\/\/habergalatasaray.tr\/index.php\/2025\/02\/08\/sinan-engin-galatasarayin-oyuncusu-degil-ikisi-de-anadolu-takimi-oyunculari-gibi-alip-seni-sampiyon-yapamazlar\/","title":{"rendered":"Sinan Engin: &#8220;Galatasaray&#8217;\u0131n oyuncusu de\u011fil, ikisi de Anadolu tak\u0131m\u0131 oyuncular\u0131 gibi, al\u0131p seni \u015fampiyon yapamazlar&#8221;"},"content":{"rendered":"<p>Galatasaray&#8217;\u0131n transfer \u00e7al\u0131\u015fmalar\u0131 devam ederken ekibe kat\u0131lan son y\u0131ld\u0131 isim Alvaro Morata oldu.<\/p>\n<p>Asist Tahlil Youtube kanal\u0131nda Sinan Engin, Galatasaray ile ilgili yorumlarda bulundu.<\/p>\n<p><strong>Engin&#8217;in a\u00e7\u0131klamalar\u0131 \u015fu formda:<\/strong><\/p>\n<p><strong>&#8220;GALATASARAY&#8217;IN OYUNCUSU DE&#286;\u0130LLER&#8221;<\/strong><\/p>\n<p>&#8220;Sallai ve Jelert, Galatasaray&#8217;\u0131n oyuncusu de\u011fil. \u00dcst seviye oyuncular de\u011filler, vasat oyuncular. Anadolu grubu oyuncular\u0131, al\u0131p seni \u015fampiyon yapamazlar.&#8221;<\/p>\n<p><strong>&#8220;MORATA, ICARDI&#8217;N\u0130N YER\u0130N\u0130 DOLDURAMAZ&#8221;<\/strong><\/p>\n<p>&#8220;Morata, oyun tertibi yapacak bir santrfor de\u011fil bana nazaran. D\u00fczg\u00fcn futbolcu, \u0130spanya Ulusal Kadro kaptan\u0131 fakat ceza alan\u0131 i\u00e7inde tek vuru\u015f oyuncusu. Galatasaray, Icardi&#8217;nin yerini Morata ile oyun manas\u0131nda dolduramaz fakat isim manas\u0131nda doldurur b\u00fcy\u00fck isim. Galatasarayl\u0131 y\u00f6neticileri tebrik ederim, Fenerbah\u00e7e&#8217;nin Talisca transferine \u00e7abucak misilleme yapt\u0131.&#8221;<\/p>\n<p><strong>&#8220;OSIMHEN, ALLAH&#8217;IN B\u0130R L\u00dcTFU&#8221;<\/strong><\/p>\n<p>&#8220;Osimhen, haks\u0131z rekabet. Galatasaray&#8217;a Allah&#8217;\u0131n bir l\u00fctfu. Bu t\u00fcrl\u00fc bir transferin olmas\u0131 b\u00fcy\u00fck bir talih. Kadrosu da oynat\u0131yor.&#8221; tabirlerini kulland\u0131.<\/p>\n","protected":false},"excerpt":{"rendered":"<p>Galatasaray, S\u00fcper Lig&#8217;de yoluna nama\u011flup \u00f6nder olarak devam ederken yeni transferler i\u00e7in g\u00f6r\u00fc\u015fmeler yap\u0131l\u0131yor.<\/p>\n","protected":false},"author":1,"featured_media":3377,"comment_status":"open","ping_status":"open","sticky":false,"template":"","format":"standard","meta":{"footnotes":""},"categories":[1],"tags":[37,24,103],"class_list":["post-3376","post","type-post","status-publish","format-standard","has-post-thumbnail","hentry","category-galatasaray-haber","tag-bir","tag-galatasaray","tag-oyun"],"_links":{"self":[{"href":"https:\/\/habergalatasaray.tr\/index.php\/wp-json\/wp\/v2\/posts\/3376","targetHints":{"allow":["GET"]}}],"collection":[{"href":"https:\/\/habergalatasaray.tr\/index.php\/wp-json\/wp\/v2\/posts"}],"about":[{"href":"https:\/\/habergalatasaray.tr\/index.php\/wp-json\/wp\/v2\/types\/post"}],"author":[{"embeddable":true,"href":"https:\/\/habergalatasaray.tr\/index.php\/wp-json\/wp\/v2\/users\/1"}],"replies":[{"embeddable":true,"href":"https:\/\/habergalatasaray.tr\/index.php\/wp-json\/wp\/v2\/comments?post=3376"}],"version-history":[{"count":1,"href":"https:\/\/habergalatasaray.tr\/index.php\/wp-json\/wp\/v2\/posts\/3376\/revisions"}],"predecessor-version":[{"id":3378,"href":"https:\/\/habergalatasaray.tr\/index.php\/wp-json\/wp\/v2\/posts\/3376\/revisions\/3378"}],"wp:featuredmedia":[{"embeddable":true,"href":"https:\/\/habergalatasaray.tr\/index.php\/wp-json\/wp\/v2\/media\/3377"}],"wp:attachment":[{"href":"https:\/\/habergalatasaray.tr\/index.php\/wp-json\/wp\/v2\/media?parent=3376"}],"wp:term":[{"taxonomy":"category","embeddable":true,"href":"https:\/\/habergalatasaray.tr\/index.php\/wp-json\/wp\/v2\/categories?post=3376"},{"taxonomy":"post_tag","embeddable":true,"href":"https:\/\/habergalatasaray.tr\/index.php\/wp-json\/wp\/v2\/tags?post=3376"}],"curies":[{"name":"wp","href":"https:\/\/api.w.org\/{rel}","templated":true}]}}