{"id":3449,"date":"2025-02-08T17:36:09","date_gmt":"2025-02-08T17:36:09","guid":{"rendered":"https:\/\/habergalatasaray.tr\/?p=3449"},"modified":"2025-02-08T17:36:09","modified_gmt":"2025-02-08T17:36:09","slug":"salim-manav-devre-arasinda-okan-buruk-ve-oyuncularla-tartisti-ipler-koptu-galatasaraydan-ayrildi","status":"publish","type":"post","link":"https:\/\/habergalatasaray.tr\/index.php\/2025\/02\/08\/salim-manav-devre-arasinda-okan-buruk-ve-oyuncularla-tartisti-ipler-koptu-galatasaraydan-ayrildi\/","title":{"rendered":"Salim Manav: &#8220;Devre aras\u0131nda Okan Buruk ve oyuncularla tart\u0131\u015ft\u0131, ipler koptu, Galatasaray&#8217;dan ayr\u0131ld\u0131&#8221;"},"content":{"rendered":"<p>Galatasaray&#8217;da Michy Batshuayi&#8217;nin ani bir formda Frankfurt&#8217;a transfer olmas\u0131 \u015fa\u015fk\u0131nl\u0131k yaratm\u0131\u015ft\u0131.<\/p>\n<p>Bel\u00e7ikal\u0131 golc\u00fc oyuncuyu Galatasaray&#8217;dan ayr\u0131l\u0131\u011fa g\u00f6t\u00fcren sebep ortaya \u00e7\u0131kt\u0131.<\/p>\n<p><strong>MICHY BATSHUAYI GER\u00c7E&#286;\u0130<\/strong><\/p>\n<p>A Spor yay\u0131n\u0131nda Salim Manav, Michy Batshuayi&#8217;nin ayr\u0131l\u0131\u011f\u0131yla ilgili edindi\u011fi bilgiyi aktard\u0131.<\/p>\n<p><strong>Manav&#8217;\u0131n a\u00e7\u0131klamalar\u0131 \u015fu formda:<\/strong><\/p>\n<p><strong>&#8220;HATAYSPOR MA\u00c7ININ DEVRE ORTASINDA \u0130PLER KOPMU\u015e&#8221;<\/strong><\/p>\n<p>&#8220;Michy Batshuayi&#8217;nin Hatayspor &#8211; Galatasaray ma\u00e7\u0131n\u0131n devre ortas\u0131nda hem Okan hocayla hem oyuncularla ya\u015fad\u0131\u011f\u0131 bir diyalog varm\u0131\u015f, ipler o vakit kopmu\u015f. Sonras\u0131nda Frankfurt&#8217;a transfer oldu.&#8221;<\/p>\n<p><strong>&#8220;TRANSFER BA\u015eARISIDIR&#8221;<\/strong><\/p>\n<p>&#8220;Bence bonuslara 3.5 milyon Euro&#8217;ya g\u00f6nderilmesi transfer ba\u015far\u0131s\u0131d\u0131r. Asl\u0131nda bonservissiz gelmi\u015fti. Maa\u015f\u0131n\u0131 da d\u00fc\u015f\u00fcn\u00fcrsek transfer ba\u015far\u0131s\u0131 olarak g\u00f6r\u00fcyorum.&#8221; s\u00f6zlerini kulland\u0131.<\/p>\n<p><strong>Kaynak: habersarikirmizi.com<\/strong><\/p>\n","protected":false},"excerpt":{"rendered":"<p>Galatasaray&#8217;da ya\u015fanan \u015fok ayr\u0131l\u0131kla ilgili \u015fa\u015f\u0131rtan bir ayr\u0131nt\u0131 ortaya \u00e7\u0131kt\u0131.<\/p>\n","protected":false},"author":1,"featured_media":3450,"comment_status":"open","ping_status":"open","sticky":false,"template":"","format":"standard","meta":{"footnotes":""},"categories":[1],"tags":[33],"class_list":["post-3449","post","type-post","status-publish","format-standard","has-post-thumbnail","hentry","category-galatasaray-haber","tag-transfer"],"_links":{"self":[{"href":"https:\/\/habergalatasaray.tr\/index.php\/wp-json\/wp\/v2\/posts\/3449","targetHints":{"allow":["GET"]}}],"collection":[{"href":"https:\/\/habergalatasaray.tr\/index.php\/wp-json\/wp\/v2\/posts"}],"about":[{"href":"https:\/\/habergalatasaray.tr\/index.php\/wp-json\/wp\/v2\/types\/post"}],"author":[{"embeddable":true,"href":"https:\/\/habergalatasaray.tr\/index.php\/wp-json\/wp\/v2\/users\/1"}],"replies":[{"embeddable":true,"href":"https:\/\/habergalatasaray.tr\/index.php\/wp-json\/wp\/v2\/comments?post=3449"}],"version-history":[{"count":1,"href":"https:\/\/habergalatasaray.tr\/index.php\/wp-json\/wp\/v2\/posts\/3449\/revisions"}],"predecessor-version":[{"id":3451,"href":"https:\/\/habergalatasaray.tr\/index.php\/wp-json\/wp\/v2\/posts\/3449\/revisions\/3451"}],"wp:featuredmedia":[{"embeddable":true,"href":"https:\/\/habergalatasaray.tr\/index.php\/wp-json\/wp\/v2\/media\/3450"}],"wp:attachment":[{"href":"https:\/\/habergalatasaray.tr\/index.php\/wp-json\/wp\/v2\/media?parent=3449"}],"wp:term":[{"taxonomy":"category","embeddable":true,"href":"https:\/\/habergalatasaray.tr\/index.php\/wp-json\/wp\/v2\/categories?post=3449"},{"taxonomy":"post_tag","embeddable":true,"href":"https:\/\/habergalatasaray.tr\/index.php\/wp-json\/wp\/v2\/tags?post=3449"}],"curies":[{"name":"wp","href":"https:\/\/api.w.org\/{rel}","templated":true}]}}