{"id":3465,"date":"2025-02-08T19:00:09","date_gmt":"2025-02-08T19:00:09","guid":{"rendered":"https:\/\/habergalatasaray.tr\/?p=3465"},"modified":"2025-02-08T19:00:09","modified_gmt":"2025-02-08T19:00:09","slug":"galatasaray-carlos-cuesta-icin-anlasma-sagladi-imzalar-an-meselesi","status":"publish","type":"post","link":"https:\/\/habergalatasaray.tr\/index.php\/2025\/02\/08\/galatasaray-carlos-cuesta-icin-anlasma-sagladi-imzalar-an-meselesi\/","title":{"rendered":"&#8220;Galatasaray, Carlos Cuesta i\u00e7in anla\u015fma sa\u011flad\u0131, imzalar an meselesi&#8221;"},"content":{"rendered":"<p>Galatasaray&#8217;da Victor Nelsson&#8217;un ayr\u0131l\u0131\u011f\u0131 sonras\u0131nda stoper transferi i\u00e7in \u00e7al\u0131\u015fmalar s\u00fcrat kazanm\u0131\u015ft\u0131. <\/p>\n<p>Sar\u0131 k\u0131rm\u0131z\u0131l\u0131lar\u0131n yap\u0131lan g\u00f6r\u00fc\u015fmeler sonucundan yeni stoperi belirli oldu.<\/p>\n<p><strong>CARLOS CUESTA \u0130\u00c7\u0130N GENK \u0130LE EL SIKI\u015eILDI<\/strong><\/p>\n<p>Burhan Can Terzi&#8217;nin haberine nazaran; Galatasaray, Genk&#8217;in stoperi Carlos Cuesta i\u00e7in Genk Kul\u00fcb\u00fc ile el s\u0131k\u0131\u015ft\u0131. Oyuncu ile muahede noktas\u0131nda olan sar\u0131 k\u0131rm\u0131z\u0131l\u0131lar k\u0131sa m\u00fcddette transferi tamamlamay\u0131 planl\u0131yor.<\/p>\n<p>Terzi; &#8220;Galatasaray Genk kul\u00fcb\u00fcyle el s\u0131k\u0131\u015ft\u0131, Cuesta da tamam. Art\u0131k bu transferde m\u00fcrekkebin ka\u011f\u0131da de\u011fmesini bekliyoruz. Cuesta i\u00e7in Davinson referans oldu, Scout tak\u0131m\u0131 ve Okan hoca da aya\u011f\u0131 d\u00fczg\u00fcn olmas\u0131 sebebiyle, olumlu referans oldu diye biliyorum.&#8221; s\u00f6zlerini kulland\u0131.<\/p>\n<p><img decoding=\"async\" class=\"detayFoto\" src=\"https:\/\/habergalatasaray.tr\/wp-content\/uploads\/2025\/02\/galatasaray-carlos-cuesta-icin-anlasma-sagladi-imzalar-an-meselesi-0-i2AH6r8T.jpg\"><\/p>\n<p><strong>3,5 YILLIK MUKAVELE OLACAK<\/strong><\/p>\n<p>Serhan T\u00fcrk&#8217;\u00fcn haberine nazaran ise Galatasaray, Genk&#8217;in stoperi Carlos Cuesta i\u00e7in kul\u00fcb\u00fc ile mutabakat yapt\u0131.<\/p>\n<p>Oyuncu ile g\u00f6r\u00fc\u015fme devam ediyor 3,5 y\u0131ll\u0131k bir kontrat olmas\u0131n\u0131 bekliyoruz. Islak imzalar an problemi.<\/p>\n<p><img decoding=\"async\" class=\"detayFoto\" src=\"https:\/\/habergalatasaray.tr\/wp-content\/uploads\/2025\/02\/galatasaray-carlos-cuesta-icin-anlasma-sagladi-imzalar-an-meselesi-1-9BJLdyds.jpg\"><\/p>\n<p><strong>SANCHEZ&#8217;\u0130N PARTNER\u0130 GELD\u0130<\/strong><\/p>\n<p>25 ya\u015f\u0131ndaki Kolombiyal\u0131 savunmac\u0131, Davinson Sanchez ile ulusal kadroda birlikte misyon yap\u0131yor.<\/p>\n","protected":false},"excerpt":{"rendered":"<p>Galatasaray&#8217;da transferler pe\u015f pe\u015fe gelmeye devam ediyor.<\/p>\n","protected":false},"author":1,"featured_media":3466,"comment_status":"open","ping_status":"open","sticky":false,"template":"","format":"standard","meta":{"footnotes":""},"categories":[1],"tags":[271,270,36,75],"class_list":["post-3465","post","type-post","status-publish","format-standard","has-post-thumbnail","hentry","category-galatasaray-haber","tag-cuesta","tag-genk","tag-icin","tag-ile"],"_links":{"self":[{"href":"https:\/\/habergalatasaray.tr\/index.php\/wp-json\/wp\/v2\/posts\/3465","targetHints":{"allow":["GET"]}}],"collection":[{"href":"https:\/\/habergalatasaray.tr\/index.php\/wp-json\/wp\/v2\/posts"}],"about":[{"href":"https:\/\/habergalatasaray.tr\/index.php\/wp-json\/wp\/v2\/types\/post"}],"author":[{"embeddable":true,"href":"https:\/\/habergalatasaray.tr\/index.php\/wp-json\/wp\/v2\/users\/1"}],"replies":[{"embeddable":true,"href":"https:\/\/habergalatasaray.tr\/index.php\/wp-json\/wp\/v2\/comments?post=3465"}],"version-history":[{"count":1,"href":"https:\/\/habergalatasaray.tr\/index.php\/wp-json\/wp\/v2\/posts\/3465\/revisions"}],"predecessor-version":[{"id":3469,"href":"https:\/\/habergalatasaray.tr\/index.php\/wp-json\/wp\/v2\/posts\/3465\/revisions\/3469"}],"wp:featuredmedia":[{"embeddable":true,"href":"https:\/\/habergalatasaray.tr\/index.php\/wp-json\/wp\/v2\/media\/3466"}],"wp:attachment":[{"href":"https:\/\/habergalatasaray.tr\/index.php\/wp-json\/wp\/v2\/media?parent=3465"}],"wp:term":[{"taxonomy":"category","embeddable":true,"href":"https:\/\/habergalatasaray.tr\/index.php\/wp-json\/wp\/v2\/categories?post=3465"},{"taxonomy":"post_tag","embeddable":true,"href":"https:\/\/habergalatasaray.tr\/index.php\/wp-json\/wp\/v2\/tags?post=3465"}],"curies":[{"name":"wp","href":"https:\/\/api.w.org\/{rel}","templated":true}]}}