{"id":3498,"date":"2025-02-08T21:48:16","date_gmt":"2025-02-08T21:48:16","guid":{"rendered":"https:\/\/habergalatasaray.tr\/?p=3498"},"modified":"2025-02-08T21:48:16","modified_gmt":"2025-02-08T21:48:16","slug":"albert-riera-beni-aradi-ve-galatasarayi-sordu-duyduklarindan-cok-etkilendi","status":"publish","type":"post","link":"https:\/\/habergalatasaray.tr\/index.php\/2025\/02\/08\/albert-riera-beni-aradi-ve-galatasarayi-sordu-duyduklarindan-cok-etkilendi\/","title":{"rendered":"Albert Riera: &#8220;Beni arad\u0131 ve Galatasaray&#8217;\u0131 sordu, duyduklar\u0131ndan \u00e7ok etkilendi&#8221;"},"content":{"rendered":"<p>Galatasaray&#8217;\u0131n 2011-2014 y\u0131llar\u0131nda formas\u0131n\u0131 giyen Albert Riera, Galatasaray&#8217;\u0131n yeni transferi Alvaro Morat&#8217;n\u0131n transferi \u00f6ncesind kendisini arad\u0131\u011f\u0131n\u0131 s\u00f6yledi.<\/p>\n<p><strong>Radyospor&#8217;da \u00d6zg\u00fcr Sancar&#8217;\u0131n canl\u0131 yay\u0131n konu\u011fu olan Riera, \u015funlar\u0131 s\u00f6yledi:<\/strong><\/p>\n<p><strong>&#8220;GALATASARAY&#8217;A G\u0130DECE&#286;\u0130N\u0130 B\u0130L\u0130YORDUM, BEN\u0130 ARADI&#8221;<\/strong><\/p>\n<p>&#8220;Alvaro Morata&#8217;n\u0131n Galatasaray&#8217;a transferi benim i\u00e7in s\u00fcrpriz de\u011fildi; zira esasen Galatasaray&#8217;a gidece\u011fini biliyordum. Beni arad\u0131 ve Galatasaray&#8217;\u0131 sordu. Kendisi ile Galatasaray&#8217;\u0131 uzun uzun konu\u015ftuk. Eminim \u015fu anda Galatasaray&#8217;da olmaktan \u00e7ok keyifli.&#8221;<\/p>\n<p><strong>&#8220;DUYDUKLARINDAN \u00c7OK ETK\u0130LEND\u0130, D\u00dc\u015e\u00dcNMEDEN KABUL ETT\u0130&#8221;<\/strong><\/p>\n<p>&#8220;T\u00fcrk k\u00fclt\u00fcr\u00fcn\u00fc, idmanlar\u0131, g\u00fcnl\u00fck hayat\u0131, taraftarlar\u0131 sordu. Ola\u011fan ki grup tertibi ile fikrimi de \u00f6\u011frenmek istedi; zira Alvaro i\u00e7in bu \u00e7ok \u00f6neli. Nas\u0131l bir sistemde oynayaca\u011f\u0131n\u0131 bilmek istedi. Onun temel karakteristi\u011fi, her \u015fartta azamisi verme gayretidir. \u00c7ok \u00e7al\u0131\u015fkan bir oyuncu. 77 numaral\u0131 formay\u0131 tercih etmesi benim \u00e7ok ilgimi \u00e7ekti. \u00c7ok yeterli bir numara ve benim baht getirdi\u011fine inand\u0131\u011f\u0131m bir numara. Ben futbolcu olarak ona tavsiyelerimi aktard\u0131m ve T\u00fcrk be\u015ferinin \u00e7ok \u00e7al\u0131\u015fkan, d\u00fcr\u00fcst ve sevdikleri i\u00e7in her \u015feyi verebilecek kadar a\u00e7\u0131k y\u00fcrekli oldu\u011funu anlatt\u0131m. Duyduklar\u0131ndan \u00e7ok etkilendi. Bunun \u00fczerine \u00e7ok uzun m\u00fcddet d\u00fc\u015f\u00fcnmeden teklifi kabul etti.&#8221;<\/p>\n<p><strong>&#8220;T\u00dcRK\u0130YE&#8217;DE HERKES\u0130 MEST EDECEK&#8221;<\/strong><\/p>\n<p>&#8220;Bana nazaran Alvaro Galatasaray i\u00e7in \u00e7ok gol atacak. Lakin bana nazaran Alvaro&#8217;nun az bilinen temel karakter \u00f6zelli\u011fi, bir kazanan olmas\u0131d\u0131r. Grubun mutlu edecek, her vakit y\u00fczde y\u00fcz\u00fcne vererek oynayacak, saha d\u0131\u015f\u0131nda da bu t\u00fcrl\u00fc davranan bir oyuncu olmas\u0131d\u0131r. 25 ya da 35 gol atmas\u0131ndan daha de\u011ferli olan \u015fey, onun \u00e7ok \u00e7al\u0131\u015fkan olmas\u0131d\u0131r. \u00c7ok \u00e7al\u0131\u015fkan, \u00e7ok d\u00fcr\u00fcst bir insan. Ad\u0131m \u00fczere eminim futbolu ve \u00e7al\u0131\u015fkanl\u0131\u011f\u0131 ile T\u00fcrkiye&#8217;de herkesi mest edecek&#8221;<\/p>\n<p><strong>&#8220;M\u00dcTH\u0130\u015e SANTRFORLAR B\u0130R ORTAYA GELD\u0130&#8221;<\/strong><\/p>\n<p>&#8220;\u0130yi oyuncular her vakit birbiriyle uyumlu olurlar. Alvaro Morata, Mauro Icardi ve Victor Osimhen istisnai oyuncular. Bence saha i\u00e7erisinde birbirleri ile \u00e7ok d\u00fczg\u00fcn ba\u011flant\u0131 kuracaklar. Teknik y\u00f6netici Okan Buruk onlar saha i\u00e7erisinde en verimli formda oynayabilece\u011fi sistemi tercih edecektir. Nitekim Galatasaray&#8217;da fevkalade santraforlar biraraya geldi. Ben bunu bir Kokteyle benzetiyorum. \u0130\u00e7inde her \u015feyin en uygunu var. Morata, Icardi ve Osimhen, eminin rakiplerin de h\u00fcrmet duyaca\u011f\u0131 bir birliktelik olu\u015fturacaklar. Yaln\u0131zca Galatasarayl\u0131lar de\u011fil, herkes onlar\u0131n birlikte oynayaca\u011f\u0131 ma\u00e7lardan b\u00fcy\u00fck bir zevk duyacak.&#8221; s\u00f6zlerini kulland\u0131.<\/p>\n<p><strong>Kaynak: Ajansspor<\/strong><\/p>\n","protected":false},"excerpt":{"rendered":"<p>Galatasaray&#8217;da hem futbolculuk hem de yard\u0131mc\u0131 antren\u00f6rl\u00fck yapan \u015fu anda ise Slovenya Ligi gruplar\u0131ndan Celje&#8217;yi \u00e7al\u0131\u015ft\u0131ran Albert Riera, Galatasaray&#8217;\u0131n Alvaro Morata transferini k\u0131ymetlendirdi.<\/p>\n","protected":false},"author":1,"featured_media":3499,"comment_status":"open","ping_status":"open","sticky":false,"template":"","format":"standard","meta":{"footnotes":""},"categories":[1],"tags":[274,37,38,24,86],"class_list":["post-3498","post","type-post","status-publish","format-standard","has-post-thumbnail","hentry","category-galatasaray-haber","tag-alvaro","tag-bir","tag-cok","tag-galatasaray","tag-her"],"_links":{"self":[{"href":"https:\/\/habergalatasaray.tr\/index.php\/wp-json\/wp\/v2\/posts\/3498","targetHints":{"allow":["GET"]}}],"collection":[{"href":"https:\/\/habergalatasaray.tr\/index.php\/wp-json\/wp\/v2\/posts"}],"about":[{"href":"https:\/\/habergalatasaray.tr\/index.php\/wp-json\/wp\/v2\/types\/post"}],"author":[{"embeddable":true,"href":"https:\/\/habergalatasaray.tr\/index.php\/wp-json\/wp\/v2\/users\/1"}],"replies":[{"embeddable":true,"href":"https:\/\/habergalatasaray.tr\/index.php\/wp-json\/wp\/v2\/comments?post=3498"}],"version-history":[{"count":1,"href":"https:\/\/habergalatasaray.tr\/index.php\/wp-json\/wp\/v2\/posts\/3498\/revisions"}],"predecessor-version":[{"id":3500,"href":"https:\/\/habergalatasaray.tr\/index.php\/wp-json\/wp\/v2\/posts\/3498\/revisions\/3500"}],"wp:featuredmedia":[{"embeddable":true,"href":"https:\/\/habergalatasaray.tr\/index.php\/wp-json\/wp\/v2\/media\/3499"}],"wp:attachment":[{"href":"https:\/\/habergalatasaray.tr\/index.php\/wp-json\/wp\/v2\/media?parent=3498"}],"wp:term":[{"taxonomy":"category","embeddable":true,"href":"https:\/\/habergalatasaray.tr\/index.php\/wp-json\/wp\/v2\/categories?post=3498"},{"taxonomy":"post_tag","embeddable":true,"href":"https:\/\/habergalatasaray.tr\/index.php\/wp-json\/wp\/v2\/tags?post=3498"}],"curies":[{"name":"wp","href":"https:\/\/api.w.org\/{rel}","templated":true}]}}