{"id":3516,"date":"2025-02-08T23:36:06","date_gmt":"2025-02-08T23:36:06","guid":{"rendered":"https:\/\/habergalatasaray.tr\/?p=3516"},"modified":"2025-02-08T23:36:06","modified_gmt":"2025-02-08T23:36:06","slug":"yagiz-sabuncuoglu-galatasaray-oyuncuyla-anlasti-istanbula-gelmek-istiyor-bonservis-konusunda-cok-buyuk-fark-kalmadi","status":"publish","type":"post","link":"https:\/\/habergalatasaray.tr\/index.php\/2025\/02\/08\/yagiz-sabuncuoglu-galatasaray-oyuncuyla-anlasti-istanbula-gelmek-istiyor-bonservis-konusunda-cok-buyuk-fark-kalmadi\/","title":{"rendered":"Ya\u011f\u0131z Sabuncuo\u011flu: &#8220;Galatasaray oyuncuyla anla\u015ft\u0131, \u0130stanbul&#8217;a gelmek istiyor, bonservis konusunda \u00e7ok b\u00fcy\u00fck fark kalmad\u0131&#8221;"},"content":{"rendered":"<p>Sports Digitale&#8217;den Ya\u011f\u0131z Sabuncuo\u011flu, Galatasaray&#8217;\u0131n stoper transferi g\u00fcndemiyle ilgili bilgiler aktard\u0131.<\/p>\n<p><strong>Sabuncuo\u011flu&#8217;nun a\u00e7\u0131klamalar\u0131 \u015fu halde:<\/strong><\/p>\n<p><strong>&#8220;JEAN CARLO SIMIC TEKL\u0130F\u0130 REDDED\u0130LD\u0130&#8221;<\/strong><\/p>\n<p>&#8220;Anderlecht, Galatasaray&#8217;\u0131n Jean Carlo Simic i\u00e7in yapt\u0131\u011f\u0131 teklifi reddetti.&#8221;<\/p>\n<p><img decoding=\"async\" class=\"detayFoto\" src=\"https:\/\/habergalatasaray.tr\/wp-content\/uploads\/2025\/02\/yagiz-sabuncuoglu-galatasaray-oyuncuyla-anlasti-istanbula-gelmek-istiyor-bonservis-konusunda-cok-buyuk-fark-kalmadi-qISUTIDm.jpg\"><\/p>\n<p><strong>&#8220;CUESTA \u0130LE ANLA\u015eILDI&#8221;<\/strong><\/p>\n<p>&#8220;Galatasaray, Carlos Cuesta ile anla\u015ft\u0131. Oyuncu \u0130stanbul&#8217;a gelmek istiyor.&#8221;<\/p>\n<p><strong>&#8220;KAPIYI 8 M\u0130LYN EURO&#8217;DAN A\u00c7TILAR&#8221;<\/strong><\/p>\n<p>&#8220;Genk, Kolombiyal\u0131 stoper i\u00e7in kap\u0131y\u0131 8 milyon Euro&#8217;dan a\u00e7t\u0131. Galatasaray&#8217;\u0131n teklifi ile Genk&#8217;in istedi\u011fi say\u0131 ortas\u0131nda \u00e7ok b\u00fcy\u00fck bir fark kalmad\u0131 ama kul\u00fcb\u00fc &#8216;tamam&#8217; dese bile, daha d\u00fczg\u00fcn\u00fc bulunamad\u0131\u011f\u0131 takdirde g\u00f6r\u00fc\u015fmeler ileri d\u00fczeye ta\u015f\u0131nacak ve Cuesta&#8217;n\u0131n transferi bitirilmeye \u00e7al\u0131\u015f\u0131lacak.&#8221; s\u00f6zlerini kulland\u0131.<\/p>\n<p><img decoding=\"async\" class=\"detayFoto\" src=\"https:\/\/habergalatasaray.tr\/wp-content\/uploads\/2025\/02\/yagiz-sabuncuoglu-galatasaray-oyuncuyla-anlasti-istanbula-gelmek-istiyor-bonservis-konusunda-cok-buyuk-fark-kalmadi-PuduZWWp.jpg\"><\/p>\n<p><strong>&#8220;LYON \u0130K\u0130NC\u0130 TEKL\u0130F\u0130 DE REDDETT\u0130&#8221;<\/strong><\/p>\n<p>&#8220;Lyon, Galatasaray&#8217;\u0131n Clinton Mata i\u00e7in yapt\u0131\u011f\u0131 8 milyon euroluk ikinci teklifi de reddetti.&#8221;<\/p>\n<p><img decoding=\"async\" class=\"detayFoto\" src=\"https:\/\/habergalatasaray.tr\/wp-content\/uploads\/2025\/02\/yagiz-sabuncuoglu-galatasaray-oyuncuyla-anlasti-istanbula-gelmek-istiyor-bonservis-konusunda-cok-buyuk-fark-kalmadi-NkUPTmrs.jpg\"><\/p>\n","protected":false},"excerpt":{"rendered":"<p>Galatasaray&#8217;da stoper transferi konusunda hareketli saatler ya\u015fan\u0131rken de\u011ferli geli\u015fmeler ya\u015fan\u0131yor.<\/p>\n","protected":false},"author":1,"featured_media":3517,"comment_status":"open","ping_status":"open","sticky":false,"template":"","format":"standard","meta":{"footnotes":""},"categories":[1],"tags":[182],"class_list":["post-3516","post","type-post","status-publish","format-standard","has-post-thumbnail","hentry","category-galatasaray-haber","tag-teklifi"],"_links":{"self":[{"href":"https:\/\/habergalatasaray.tr\/index.php\/wp-json\/wp\/v2\/posts\/3516","targetHints":{"allow":["GET"]}}],"collection":[{"href":"https:\/\/habergalatasaray.tr\/index.php\/wp-json\/wp\/v2\/posts"}],"about":[{"href":"https:\/\/habergalatasaray.tr\/index.php\/wp-json\/wp\/v2\/types\/post"}],"author":[{"embeddable":true,"href":"https:\/\/habergalatasaray.tr\/index.php\/wp-json\/wp\/v2\/users\/1"}],"replies":[{"embeddable":true,"href":"https:\/\/habergalatasaray.tr\/index.php\/wp-json\/wp\/v2\/comments?post=3516"}],"version-history":[{"count":1,"href":"https:\/\/habergalatasaray.tr\/index.php\/wp-json\/wp\/v2\/posts\/3516\/revisions"}],"predecessor-version":[{"id":3521,"href":"https:\/\/habergalatasaray.tr\/index.php\/wp-json\/wp\/v2\/posts\/3516\/revisions\/3521"}],"wp:featuredmedia":[{"embeddable":true,"href":"https:\/\/habergalatasaray.tr\/index.php\/wp-json\/wp\/v2\/media\/3517"}],"wp:attachment":[{"href":"https:\/\/habergalatasaray.tr\/index.php\/wp-json\/wp\/v2\/media?parent=3516"}],"wp:term":[{"taxonomy":"category","embeddable":true,"href":"https:\/\/habergalatasaray.tr\/index.php\/wp-json\/wp\/v2\/categories?post=3516"},{"taxonomy":"post_tag","embeddable":true,"href":"https:\/\/habergalatasaray.tr\/index.php\/wp-json\/wp\/v2\/tags?post=3516"}],"curies":[{"name":"wp","href":"https:\/\/api.w.org\/{rel}","templated":true}]}}