{"id":3602,"date":"2025-02-09T05:24:05","date_gmt":"2025-02-09T05:24:05","guid":{"rendered":"https:\/\/habergalatasaray.tr\/?p=3602"},"modified":"2025-02-09T05:24:05","modified_gmt":"2025-02-09T05:24:05","slug":"galatasaray-kevin-de-bruyneyi-istiyor-bir-kez-daha-gorusecekler","status":"publish","type":"post","link":"https:\/\/habergalatasaray.tr\/index.php\/2025\/02\/09\/galatasaray-kevin-de-bruyneyi-istiyor-bir-kez-daha-gorusecekler\/","title":{"rendered":"&#8220;Galatasaray, Kevin De Bruyne&#8217;yi istiyor, bir kez daha g\u00f6r\u00fc\u015fecekler&#8221;"},"content":{"rendered":"<p>Galatasaray&#8217;\u0131n orta transfer periyodunda yapt\u0131\u011f\u0131 en sansasyonel at\u0131l\u0131mlardan biri Kevin De Bruyne oldu.<\/p>\n<p><strong>G\u00d6R\u00dc\u015eMELER YAPILDI<\/strong><\/p>\n<p>Manchester City formas\u0131 giyen 33 ya\u015f\u0131ndaki y\u0131ld\u0131z orta saha oyuncusu i\u00e7in transfer g\u00f6r\u00fc\u015fmeleri yap\u0131ld\u0131.<\/p>\n<p><strong>KEVIN DE BRUYNE TRANSFER\u0130 G\u00dcNDEM\u0130<\/strong><\/p>\n<p>Sports Digitale&#8217;den Ya\u011f\u0131z Sabuncuo\u011flu, Kevin De Bruyne geli\u015fmesiyle ilgili bilgiler aktard\u0131.<\/p>\n<p><strong>Sabuncuo\u011flu&#8217;nun a\u00e7\u0131klamalar\u0131 \u015fu formda:<\/strong><\/p>\n<p><strong>&#8220;SEZON SONU \u0130\u00c7\u0130N B\u0130R DEFA DAHA G\u00d6R\u00dc\u015eECEKLER&#8221;<\/strong><\/p>\n<p>&#8220;Galatasaray, Kevin De Bruyne&#8217;nin kontrat\u0131 d\u00f6nem sonunda bitece\u011fi i\u00e7in bir te\u015febb\u00fcs yapt\u0131 fakat o te\u015febb\u00fcs sonu\u00e7suz kalm\u0131\u015f \u00fczere g\u00f6z\u00fck\u00fcyor. Kevin De Bruyne ile g\u00f6r\u00fc\u015ft\u00fcler fakat rastgele bir muahede sa\u011flayamad\u0131lar. Galatasaray, d\u00f6nem sonu i\u00e7in Kevin De Bruyne ile bir defa daha g\u00f6r\u00fc\u015fecek.&#8221; s\u00f6zlerini kulland\u0131.<\/p>\n","protected":false},"excerpt":{"rendered":"<p>Galatasaray, d\u00f6nem sonu i\u00e7in \u015fimdiden transfer planlamalar\u0131na ba\u015flad\u0131.<\/p>\n","protected":false},"author":1,"featured_media":3603,"comment_status":"open","ping_status":"open","sticky":false,"template":"","format":"standard","meta":{"footnotes":""},"categories":[1],"tags":[37,265],"class_list":["post-3602","post","type-post","status-publish","format-standard","has-post-thumbnail","hentry","category-galatasaray-haber","tag-bir","tag-kevin-de-bruyne"],"_links":{"self":[{"href":"https:\/\/habergalatasaray.tr\/index.php\/wp-json\/wp\/v2\/posts\/3602","targetHints":{"allow":["GET"]}}],"collection":[{"href":"https:\/\/habergalatasaray.tr\/index.php\/wp-json\/wp\/v2\/posts"}],"about":[{"href":"https:\/\/habergalatasaray.tr\/index.php\/wp-json\/wp\/v2\/types\/post"}],"author":[{"embeddable":true,"href":"https:\/\/habergalatasaray.tr\/index.php\/wp-json\/wp\/v2\/users\/1"}],"replies":[{"embeddable":true,"href":"https:\/\/habergalatasaray.tr\/index.php\/wp-json\/wp\/v2\/comments?post=3602"}],"version-history":[{"count":1,"href":"https:\/\/habergalatasaray.tr\/index.php\/wp-json\/wp\/v2\/posts\/3602\/revisions"}],"predecessor-version":[{"id":3604,"href":"https:\/\/habergalatasaray.tr\/index.php\/wp-json\/wp\/v2\/posts\/3602\/revisions\/3604"}],"wp:featuredmedia":[{"embeddable":true,"href":"https:\/\/habergalatasaray.tr\/index.php\/wp-json\/wp\/v2\/media\/3603"}],"wp:attachment":[{"href":"https:\/\/habergalatasaray.tr\/index.php\/wp-json\/wp\/v2\/media?parent=3602"}],"wp:term":[{"taxonomy":"category","embeddable":true,"href":"https:\/\/habergalatasaray.tr\/index.php\/wp-json\/wp\/v2\/categories?post=3602"},{"taxonomy":"post_tag","embeddable":true,"href":"https:\/\/habergalatasaray.tr\/index.php\/wp-json\/wp\/v2\/tags?post=3602"}],"curies":[{"name":"wp","href":"https:\/\/api.w.org\/{rel}","templated":true}]}}