{"id":3615,"date":"2025-02-09T06:12:07","date_gmt":"2025-02-09T06:12:07","guid":{"rendered":"https:\/\/habergalatasaray.tr\/?p=3615"},"modified":"2025-02-09T06:12:07","modified_gmt":"2025-02-09T06:12:07","slug":"mehmet-ozcan-galatasaray-transfer-etmek-icin-durumunu-tekrar-sordu-bir-oyuncu-daha-var-unutmasinlar","status":"publish","type":"post","link":"https:\/\/habergalatasaray.tr\/index.php\/2025\/02\/09\/mehmet-ozcan-galatasaray-transfer-etmek-icin-durumunu-tekrar-sordu-bir-oyuncu-daha-var-unutmasinlar\/","title":{"rendered":"Mehmet \u00d6zcan: &#8220;Galatasaray transfer etmek i\u00e7in durumunu tekrar sordu, bir oyuncu daha var, unutmas\u0131nlar&#8221;"},"content":{"rendered":"<p>Galatasaray muhabiri Mehmet \u00d6zcan, Spor Alles Youtube kanal\u0131nda Galatasaray&#8217;\u0131n transfer g\u00fcndemiyle ilgili bilgiler aktard\u0131.<\/p>\n<p><strong>\u00d6zcan&#8217;\u0131n a\u00e7\u0131klamalar\u0131 \u015fu formda:<\/strong><\/p>\n<p><strong>&#8220;GALATASARAY, EREN ELMALI \u0130\u00c7\u0130N 5 M\u0130LYON EURO \u00d6DEMEK \u0130STEM\u0130YOR&#8221;<\/strong><\/p>\n<p>&#8220;Trabzonspor, Eren Elmal\u0131 i\u00e7in 3.5 milyon Euro&#8217;dan 5 milyon Euro&#8217;ya \u00e7\u0131kt\u0131. Galatasaray, bu sefer bu say\u0131s\u0131 \u00f6demeyi g\u00f6ze alm\u0131yor. Trabzonspor&#8217;un indirim yapmas\u0131 gerek.&#8221;<\/p>\n<p><img decoding=\"async\" class=\"detayFoto\" src=\"https:\/\/habergalatasaray.tr\/wp-content\/uploads\/2025\/02\/mehmet-ozcan-galatasaray-transfer-etmek-icin-durumunu-tekrar-sordu-bir-oyuncu-daha-var-unutmasinlar-mVrPuiF1.jpg\"><\/p>\n<p><strong>&#8220;RIDVAN YILMAZ&#8217;IN DURUMU TEKRAR SORULDU&#8221;<\/strong><\/p>\n<p>&#8220;Galatasaray, R\u0131dvan Y\u0131lmaz&#8217;\u0131n durumunu tekrar sordu. Yusuf \u00d6zdemir&#8217;i de unutmamak gerek. Rangers&#8217;\u0131n R\u0131dvan Y\u0131lmaz i\u00e7in bonservis beklentisi 5 milyon Euro d\u00fczeyinde.&#8221;<\/p>\n<p><img decoding=\"async\" class=\"detayFoto\" src=\"https:\/\/habergalatasaray.tr\/wp-content\/uploads\/2025\/02\/mehmet-ozcan-galatasaray-transfer-etmek-icin-durumunu-tekrar-sordu-bir-oyuncu-daha-var-unutmasinlar-921s48LG.jpg\"><\/p>\n<p><strong>&#8220;LENS, FRANKOWSK\u0130 \u0130\u00c7\u0130N DAHA Y\u00dcKSEK BONSERV\u0130S \u0130ST\u0130YOR&#8221;<\/strong><\/p>\n<p>&#8220;Galatasaray, Frankowski i\u00e7in 5 milyon Euro&#8217;yu g\u00f6zden \u00e7\u0131kard\u0131. Lens&#8217;in daha y\u00fcksek bir beklentisi var. Frankowski olmasa bile Galatasaray&#8217;\u0131n \u00f6teki bir yabanc\u0131 sa\u011f bek alaca\u011f\u0131n\u0131 d\u00fc\u015f\u00fcn\u00fcyorum.&#8221; s\u00f6zlerini kulland\u0131.<\/p>\n<p><img decoding=\"async\" class=\"detayFoto\" src=\"https:\/\/habergalatasaray.tr\/wp-content\/uploads\/2025\/02\/mehmet-ozcan-galatasaray-transfer-etmek-icin-durumunu-tekrar-sordu-bir-oyuncu-daha-var-unutmasinlar-itMyZiHF.jpg\"><\/p>\n<p><strong>&#8220;CUESTA, ADANA DEM\u0130RSPOR MA\u00c7INDA OYNAR&#8221;<\/strong><\/p>\n<p>&#8220;Adana Demirspor ma\u00e7\u0131nda Carlos Cuesta&#8217;n\u0131n birinci 11&#8217;de ba\u015flamas\u0131n\u0131 bekliyorum. Oyuncu haz\u0131r geldi. Lemina 1,5 ayd\u0131r oynamad\u0131\u011f\u0131 i\u00e7in biraz vakte gereksinimi olacak.&#8221; tabirlerini kulland\u0131.<\/p>\n<p><img decoding=\"async\" class=\"detayFoto\" src=\"https:\/\/habergalatasaray.tr\/wp-content\/uploads\/2025\/02\/mehmet-ozcan-galatasaray-transfer-etmek-icin-durumunu-tekrar-sordu-bir-oyuncu-daha-var-unutmasinlar-7LQlUAFp.jpg\"><\/p>\n","protected":false},"excerpt":{"rendered":"<p>Galatasaray&#8217;da sol bek ve sa\u011f bek transferi konusunda s\u0131cak geli\u015fmeler ya\u015fan\u0131yor.<\/p>\n","protected":false},"author":1,"featured_media":3616,"comment_status":"open","ping_status":"open","sticky":false,"template":"","format":"standard","meta":{"footnotes":""},"categories":[1],"tags":[157,24,36],"class_list":["post-3615","post","type-post","status-publish","format-standard","has-post-thumbnail","hentry","category-galatasaray-haber","tag-5-milyon-euro","tag-galatasaray","tag-icin"],"_links":{"self":[{"href":"https:\/\/habergalatasaray.tr\/index.php\/wp-json\/wp\/v2\/posts\/3615","targetHints":{"allow":["GET"]}}],"collection":[{"href":"https:\/\/habergalatasaray.tr\/index.php\/wp-json\/wp\/v2\/posts"}],"about":[{"href":"https:\/\/habergalatasaray.tr\/index.php\/wp-json\/wp\/v2\/types\/post"}],"author":[{"embeddable":true,"href":"https:\/\/habergalatasaray.tr\/index.php\/wp-json\/wp\/v2\/users\/1"}],"replies":[{"embeddable":true,"href":"https:\/\/habergalatasaray.tr\/index.php\/wp-json\/wp\/v2\/comments?post=3615"}],"version-history":[{"count":1,"href":"https:\/\/habergalatasaray.tr\/index.php\/wp-json\/wp\/v2\/posts\/3615\/revisions"}],"predecessor-version":[{"id":3621,"href":"https:\/\/habergalatasaray.tr\/index.php\/wp-json\/wp\/v2\/posts\/3615\/revisions\/3621"}],"wp:featuredmedia":[{"embeddable":true,"href":"https:\/\/habergalatasaray.tr\/index.php\/wp-json\/wp\/v2\/media\/3616"}],"wp:attachment":[{"href":"https:\/\/habergalatasaray.tr\/index.php\/wp-json\/wp\/v2\/media?parent=3615"}],"wp:term":[{"taxonomy":"category","embeddable":true,"href":"https:\/\/habergalatasaray.tr\/index.php\/wp-json\/wp\/v2\/categories?post=3615"},{"taxonomy":"post_tag","embeddable":true,"href":"https:\/\/habergalatasaray.tr\/index.php\/wp-json\/wp\/v2\/tags?post=3615"}],"curies":[{"name":"wp","href":"https:\/\/api.w.org\/{rel}","templated":true}]}}