{"id":3626,"date":"2025-02-09T07:36:09","date_gmt":"2025-02-09T07:36:09","guid":{"rendered":"https:\/\/habergalatasaray.tr\/?p=3626"},"modified":"2025-02-09T07:36:09","modified_gmt":"2025-02-09T07:36:09","slug":"galatasaray-teklifini-yukseltti-mac-kadrosundan-cikardilar","status":"publish","type":"post","link":"https:\/\/habergalatasaray.tr\/index.php\/2025\/02\/09\/galatasaray-teklifini-yukseltti-mac-kadrosundan-cikardilar\/","title":{"rendered":"&#8220;Galatasaray teklifini y\u00fckseltti, ma\u00e7 kadrosundan \u00e7\u0131kard\u0131lar&#8221;"},"content":{"rendered":"<p>Galatasaray&#8217;da Przemyslaw Frankowski transferiyle ilgili s\u0131cak geli\u015fmeler ya\u015fan\u0131yor.<\/p>\n<p>Lens formas\u0131 giyen 29 ya\u015f\u0131ndaki Polonyal\u0131 sa\u011f bek oyuncusu i\u00e7in sar\u0131 k\u0131rm\u0131z\u0131l\u0131 idare yeni bir at\u0131l\u0131m yapt\u0131.<\/p>\n<p>Sports Digitale&#8217;den Ya\u011f\u0131z Sabuncuo\u011flu, Przemyslaw Frankowski tansferiyle ilgili son durumu aktard\u0131.<\/p>\n<p><strong>Sabuncuo\u011flu&#8217;nun a\u00e7\u0131klamalar\u0131 \u015fu bi\u00e7imde:<\/strong><\/p>\n<p><strong>&#8220;GALATASARAY, 5 M\u0130LYON EURO&#8217;NUN \u00dcST\u00dcNE \u00c7IKTI&#8221;<\/strong><\/p>\n<p>&#8220;Galatasaray, Przemyslaw Frankowski i\u00e7in yeni bir resmi teklif daha yapt\u0131 ve reddedilen 5 milyon Euro&#8217;luk teklifin \u00fczerine \u00e7\u0131kt\u0131. Lens bu teklifi de\u011ferlendirmeye ald\u0131.&#8221;<\/p>\n<p><strong>&#8220;MA\u00c7 TAKIMINDAN \u00c7IKARTTILAR&#8221;<\/strong><\/p>\n<p>&#8220;Galatasaray ile resmi g\u00f6r\u00fc\u015fmelerde bulunuldu\u011fu i\u00e7in oyuncuyu Ka\u00e7 ile oynanacak ma\u00e7\u0131n tak\u0131m\u0131ndan \u00e7\u0131kartt\u0131.&#8221; s\u00f6zlerini kulland\u0131.<\/p>\n<p><img decoding=\"async\" class=\"detayFoto\" src=\"https:\/\/habergalatasaray.tr\/wp-content\/uploads\/2025\/02\/galatasaray-teklifini-yukseltti-mac-kadrosundan-cikardilar-0-GWWT7lkl.jpg\"><\/p>\n<p><strong>BU SEZONK\u0130 PERFORMANSI<\/strong><\/p>\n<p>Przemyslaw Frankowski, bu d\u00f6nem Lens formas\u0131yla 21 ma\u00e7a \u00e7\u0131karken 5 gol at\u0131p 2 de asist yapt\u0131.<\/p>\n","protected":false},"excerpt":{"rendered":"<p>Galatasaray&#8217;da transfer \u00e7al\u0131\u015fmalar\u0131 a\u011f\u0131r bir formda devam ediyor.<\/p>\n","protected":false},"author":1,"featured_media":3627,"comment_status":"open","ping_status":"open","sticky":false,"template":"","format":"standard","meta":{"footnotes":""},"categories":[1],"tags":[],"class_list":["post-3626","post","type-post","status-publish","format-standard","has-post-thumbnail","hentry","category-galatasaray-haber"],"_links":{"self":[{"href":"https:\/\/habergalatasaray.tr\/index.php\/wp-json\/wp\/v2\/posts\/3626","targetHints":{"allow":["GET"]}}],"collection":[{"href":"https:\/\/habergalatasaray.tr\/index.php\/wp-json\/wp\/v2\/posts"}],"about":[{"href":"https:\/\/habergalatasaray.tr\/index.php\/wp-json\/wp\/v2\/types\/post"}],"author":[{"embeddable":true,"href":"https:\/\/habergalatasaray.tr\/index.php\/wp-json\/wp\/v2\/users\/1"}],"replies":[{"embeddable":true,"href":"https:\/\/habergalatasaray.tr\/index.php\/wp-json\/wp\/v2\/comments?post=3626"}],"version-history":[{"count":1,"href":"https:\/\/habergalatasaray.tr\/index.php\/wp-json\/wp\/v2\/posts\/3626\/revisions"}],"predecessor-version":[{"id":3629,"href":"https:\/\/habergalatasaray.tr\/index.php\/wp-json\/wp\/v2\/posts\/3626\/revisions\/3629"}],"wp:featuredmedia":[{"embeddable":true,"href":"https:\/\/habergalatasaray.tr\/index.php\/wp-json\/wp\/v2\/media\/3627"}],"wp:attachment":[{"href":"https:\/\/habergalatasaray.tr\/index.php\/wp-json\/wp\/v2\/media?parent=3626"}],"wp:term":[{"taxonomy":"category","embeddable":true,"href":"https:\/\/habergalatasaray.tr\/index.php\/wp-json\/wp\/v2\/categories?post=3626"},{"taxonomy":"post_tag","embeddable":true,"href":"https:\/\/habergalatasaray.tr\/index.php\/wp-json\/wp\/v2\/tags?post=3626"}],"curies":[{"name":"wp","href":"https:\/\/api.w.org\/{rel}","templated":true}]}}