{"id":3653,"date":"2025-02-09T09:36:09","date_gmt":"2025-02-09T09:36:09","guid":{"rendered":"https:\/\/habergalatasaray.tr\/?p=3653"},"modified":"2025-02-09T09:36:09","modified_gmt":"2025-02-09T09:36:09","slug":"will-still-galatasaraya-gitmeyecek-kulubun-durusu-net-ayrilmayacak","status":"publish","type":"post","link":"https:\/\/habergalatasaray.tr\/index.php\/2025\/02\/09\/will-still-galatasaraya-gitmeyecek-kulubun-durusu-net-ayrilmayacak\/","title":{"rendered":"Will Still: &#8220;Galatasaray&#8217;a gitmeyecek, kul\u00fcb\u00fcn duru\u015fu net, ayr\u0131lmayacak&#8221;"},"content":{"rendered":"<p>Sa\u011f bek aray\u0131\u015flar\u0131n\u0131 s\u00fcrd\u00fcren Galatasaray, Frans\u0131z grubu Lens&#8217;te forma giyen Przemyslaw Frankowski i\u00e7in g\u00f6r\u00fc\u015fmelerde bulunuyordu.<\/p>\n<p><strong>LENS&#8217;TEN A\u00c7IKLAMA GELD\u0130<\/strong><\/p>\n<p>Galatasaray&#8217;\u0131n g\u00fcndeminde olan Przemyslaw Frankowski i\u00e7in kul\u00fcb\u00fcnden resmi bir a\u00e7\u0131klama yap\u0131ld\u0131. <\/p>\n<p>Lens Teknik Y\u00f6neticisi Will Still, 29 ya\u015f\u0131ndaki Polonyal\u0131 sa\u011f bek oyuncusu i\u00e7in de\u011ferli kelamlar s\u00f6yledi.<\/p>\n<p><strong>&#8220;KUL\u00dcB\u00dcN DURU\u015eU NET, AYRILMAYACAK&#8221;<\/strong><\/p>\n<p>Will Still, Ligue 1&#8217;de Ka\u00e7 kar\u015f\u0131s\u0131nda ma\u011flup olduklar\u0131 u\u011fra\u015f\u0131n akabinde &#8220;Przemyslaw Frankowski, zihinsel olarak bu seyahate \u00e7\u0131kacak ve bu ma\u00e7ta oynayacak durumda de\u011fildi. Fakat kul\u00fcb\u00fcn duru\u015fu net, ayr\u0131lmayacak.&#8221; tabirlerini kulland\u0131.<\/p>\n<p><img decoding=\"async\" class=\"detayFoto\" src=\"https:\/\/habergalatasaray.tr\/wp-content\/uploads\/2025\/02\/will-still-galatasaraya-gitmeyecek-kulubun-durusu-net-ayrilmayacak-0-wE7HrzHf.jpg\"><\/p>\n<p><strong>Kaynak: habersarikirmizi.com<\/strong><\/p>\n","protected":false},"excerpt":{"rendered":"<p>Galatasaray&#8217;\u0131 yak\u0131ndan ilgilendiren bir transfer a\u00e7\u0131klamas\u0131 geldi.<\/p>\n","protected":false},"author":1,"featured_media":3654,"comment_status":"open","ping_status":"open","sticky":false,"template":"","format":"standard","meta":{"footnotes":""},"categories":[1],"tags":[],"class_list":["post-3653","post","type-post","status-publish","format-standard","has-post-thumbnail","hentry","category-galatasaray-haber"],"_links":{"self":[{"href":"https:\/\/habergalatasaray.tr\/index.php\/wp-json\/wp\/v2\/posts\/3653","targetHints":{"allow":["GET"]}}],"collection":[{"href":"https:\/\/habergalatasaray.tr\/index.php\/wp-json\/wp\/v2\/posts"}],"about":[{"href":"https:\/\/habergalatasaray.tr\/index.php\/wp-json\/wp\/v2\/types\/post"}],"author":[{"embeddable":true,"href":"https:\/\/habergalatasaray.tr\/index.php\/wp-json\/wp\/v2\/users\/1"}],"replies":[{"embeddable":true,"href":"https:\/\/habergalatasaray.tr\/index.php\/wp-json\/wp\/v2\/comments?post=3653"}],"version-history":[{"count":1,"href":"https:\/\/habergalatasaray.tr\/index.php\/wp-json\/wp\/v2\/posts\/3653\/revisions"}],"predecessor-version":[{"id":3656,"href":"https:\/\/habergalatasaray.tr\/index.php\/wp-json\/wp\/v2\/posts\/3653\/revisions\/3656"}],"wp:featuredmedia":[{"embeddable":true,"href":"https:\/\/habergalatasaray.tr\/index.php\/wp-json\/wp\/v2\/media\/3654"}],"wp:attachment":[{"href":"https:\/\/habergalatasaray.tr\/index.php\/wp-json\/wp\/v2\/media?parent=3653"}],"wp:term":[{"taxonomy":"category","embeddable":true,"href":"https:\/\/habergalatasaray.tr\/index.php\/wp-json\/wp\/v2\/categories?post=3653"},{"taxonomy":"post_tag","embeddable":true,"href":"https:\/\/habergalatasaray.tr\/index.php\/wp-json\/wp\/v2\/tags?post=3653"}],"curies":[{"name":"wp","href":"https:\/\/api.w.org\/{rel}","templated":true}]}}