{"id":3778,"date":"2025-02-10T10:00:07","date_gmt":"2025-02-10T10:00:07","guid":{"rendered":"https:\/\/habergalatasaray.tr\/?p=3778"},"modified":"2025-02-10T10:00:07","modified_gmt":"2025-02-10T10:00:07","slug":"galatasarayi-takibe-aldi-transfer-artik-bitti","status":"publish","type":"post","link":"https:\/\/habergalatasaray.tr\/index.php\/2025\/02\/10\/galatasarayi-takibe-aldi-transfer-artik-bitti\/","title":{"rendered":"Galatasaray&#8217;\u0131 takibe ald\u0131! Transfer art\u0131k bitti!"},"content":{"rendered":"<p>Galatasaray&#8217;da transferde beklenen geli\u015fme ya\u015fand\u0131.<\/p>\n<p><strong>YEN\u0130 SA&#286; BEK BEL\u0130RL\u0130 OLDU<\/strong><\/p>\n<p>Sar\u0131 k\u0131rm\u0131z\u0131l\u0131lar, Lens formas\u0131 giyen Polonyal\u0131 sa\u011f bek Przemyslaw Frankowski&#8217;yi tak\u0131m\u0131na katt\u0131.<\/p>\n<p><strong>3,5 YILLIK S\u00d6ZLE\u015eME<\/strong><\/p>\n<p>29 ya\u015f\u0131ndaki oyuncuyla 3,5 y\u0131ll\u0131k muahede sa\u011flan\u0131rken \u0130stanbul&#8217;a gelip imza atacak.<\/p>\n<p><strong>INSTAGRAM&#8217;DAN TAK\u0130P ETT\u0130<\/strong><\/p>\n<p>Przemyslaw Frankowski, Galatasaray&#8217;\u0131 Instagram&#8217;dan takip etmeye ba\u015flad\u0131.<\/p>\n<p><img decoding=\"async\" class=\"detayFoto\" src=\"https:\/\/habergalatasaray.tr\/wp-content\/uploads\/2025\/02\/galatasarayi-takibe-aldi-transfer-artik-bitti-0-wfkD8NWT.jpg\"><\/p>\n","protected":false},"excerpt":{"rendered":"<p>Galatasaray&#8217;da transferde a\u011f\u0131r saatler ya\u015fanmaya devam ediyor.<\/p>\n","protected":false},"author":1,"featured_media":3779,"comment_status":"open","ping_status":"open","sticky":false,"template":"","format":"standard","meta":{"footnotes":""},"categories":[1],"tags":[],"class_list":["post-3778","post","type-post","status-publish","format-standard","has-post-thumbnail","hentry","category-galatasaray-haber"],"_links":{"self":[{"href":"https:\/\/habergalatasaray.tr\/index.php\/wp-json\/wp\/v2\/posts\/3778","targetHints":{"allow":["GET"]}}],"collection":[{"href":"https:\/\/habergalatasaray.tr\/index.php\/wp-json\/wp\/v2\/posts"}],"about":[{"href":"https:\/\/habergalatasaray.tr\/index.php\/wp-json\/wp\/v2\/types\/post"}],"author":[{"embeddable":true,"href":"https:\/\/habergalatasaray.tr\/index.php\/wp-json\/wp\/v2\/users\/1"}],"replies":[{"embeddable":true,"href":"https:\/\/habergalatasaray.tr\/index.php\/wp-json\/wp\/v2\/comments?post=3778"}],"version-history":[{"count":1,"href":"https:\/\/habergalatasaray.tr\/index.php\/wp-json\/wp\/v2\/posts\/3778\/revisions"}],"predecessor-version":[{"id":3781,"href":"https:\/\/habergalatasaray.tr\/index.php\/wp-json\/wp\/v2\/posts\/3778\/revisions\/3781"}],"wp:featuredmedia":[{"embeddable":true,"href":"https:\/\/habergalatasaray.tr\/index.php\/wp-json\/wp\/v2\/media\/3779"}],"wp:attachment":[{"href":"https:\/\/habergalatasaray.tr\/index.php\/wp-json\/wp\/v2\/media?parent=3778"}],"wp:term":[{"taxonomy":"category","embeddable":true,"href":"https:\/\/habergalatasaray.tr\/index.php\/wp-json\/wp\/v2\/categories?post=3778"},{"taxonomy":"post_tag","embeddable":true,"href":"https:\/\/habergalatasaray.tr\/index.php\/wp-json\/wp\/v2\/tags?post=3778"}],"curies":[{"name":"wp","href":"https:\/\/api.w.org\/{rel}","templated":true}]}}