{"id":3782,"date":"2025-02-10T10:36:06","date_gmt":"2025-02-10T10:36:06","guid":{"rendered":"https:\/\/habergalatasaray.tr\/?p=3782"},"modified":"2025-02-10T10:36:06","modified_gmt":"2025-02-10T10:36:06","slug":"ben-galatasaray-ile-anlastim-galatasarayi-cok-seviyorum-dedi-transfer-tamamlandi","status":"publish","type":"post","link":"https:\/\/habergalatasaray.tr\/index.php\/2025\/02\/10\/ben-galatasaray-ile-anlastim-galatasarayi-cok-seviyorum-dedi-transfer-tamamlandi\/","title":{"rendered":"&#8220;Ben Galatasaray ile anla\u015ft\u0131m, Galatasaray&#8217;\u0131 \u00e7ok seviyorum&#8221; dedi, transfer tamamland\u0131!"},"content":{"rendered":"<p>Galatasaray, Lens formas\u0131 giyen 29 ya\u015f\u0131ndaki Polonyal\u0131 sa\u011f bek Przemyslaw Frankowski&#8217;yi tak\u0131m\u0131na katt\u0131.<\/p>\n<p>Galatasaray muhabiri Serhan T\u00fcrk, Przemyslaw Frankowski transferiyle ilgili bilgiler aktard\u0131.<\/p>\n<p><strong>T\u00fcrk&#8217;\u00fcn a\u00e7\u0131klamalar\u0131 \u015fu formda:<\/strong><\/p>\n<p><strong>&#8220;FRANKOWSKI, &#8216;GALATASARAY \u0130LE ANLA\u015eTIM&#8217; DED\u0130&#8221;<\/strong><\/p>\n<p>&#8220;Lens, Przemyslaw Frankowski&#8217;yi vermek istemiyordu. Oyuncunun \u0131srar\u0131 vard\u0131, oyuncu Bir\u00e7ok ma\u00e7\u0131na \u00e7\u0131kmad\u0131 ve &#8216;Ben Galatasaray ile anla\u015ft\u0131m, Galatasaray&#8217;\u0131 \u00e7ok seviyorum, gitmek istiyorum&#8217; dedi.&#8221;<\/p>\n<p><strong>&#8220;TRANSFER\u0130 B\u0130T\u0130RMEK \u0130\u00c7\u0130N KIYMETL\u0130 \u0130\u015eLER YAPTI&#8221;<\/strong><\/p>\n<p>&#8220;Dursun \u00d6zbek ve Abdullah Kavukcu, Frankowski transferinde gece 03:30&#8217;a kadar ayaktayd\u0131. Bu transferi bitirmek i\u00e7in k\u0131ymetli i\u015fler yapt\u0131lar.&#8221;<\/p>\n<p><strong>&#8220;GALATASARAY&#8217;I BULUNMAZ B\u0130R N\u0130MET OLDU&#286;UNU D\u00dc\u015e\u00dcN\u00dcYORDU&#8221;<\/strong><\/p>\n<p>&#8220;Frankowski, Galatasaray&#8217;a gitmeyi bulunmaz bir nimet oldu\u011funu d\u00fc\u015f\u00fcn\u00fcyordu.&#8221; s\u00f6zlerini kulland\u0131.<\/p>\n<p><img decoding=\"async\" class=\"detayFoto\" src=\"https:\/\/habergalatasaray.tr\/wp-content\/uploads\/2025\/02\/ben-galatasaray-ile-anlastim-galatasarayi-cok-seviyorum-dedi-transfer-tamamlandi-0-eLaFaGPi.jpg\"><\/p>\n<p><strong>Kaynak: habersarikirmizi.com<\/strong><\/p>\n","protected":false},"excerpt":{"rendered":"<p>Galatasaray&#8217;da transferde hareketli saatler ya\u015fanmaya devam ediyor.<\/p>\n","protected":false},"author":1,"featured_media":3783,"comment_status":"open","ping_status":"open","sticky":false,"template":"","format":"standard","meta":{"footnotes":""},"categories":[1],"tags":[278,24],"class_list":["post-3782","post","type-post","status-publish","format-standard","has-post-thumbnail","hentry","category-galatasaray-haber","tag-frankowski","tag-galatasaray"],"_links":{"self":[{"href":"https:\/\/habergalatasaray.tr\/index.php\/wp-json\/wp\/v2\/posts\/3782","targetHints":{"allow":["GET"]}}],"collection":[{"href":"https:\/\/habergalatasaray.tr\/index.php\/wp-json\/wp\/v2\/posts"}],"about":[{"href":"https:\/\/habergalatasaray.tr\/index.php\/wp-json\/wp\/v2\/types\/post"}],"author":[{"embeddable":true,"href":"https:\/\/habergalatasaray.tr\/index.php\/wp-json\/wp\/v2\/users\/1"}],"replies":[{"embeddable":true,"href":"https:\/\/habergalatasaray.tr\/index.php\/wp-json\/wp\/v2\/comments?post=3782"}],"version-history":[{"count":1,"href":"https:\/\/habergalatasaray.tr\/index.php\/wp-json\/wp\/v2\/posts\/3782\/revisions"}],"predecessor-version":[{"id":3785,"href":"https:\/\/habergalatasaray.tr\/index.php\/wp-json\/wp\/v2\/posts\/3782\/revisions\/3785"}],"wp:featuredmedia":[{"embeddable":true,"href":"https:\/\/habergalatasaray.tr\/index.php\/wp-json\/wp\/v2\/media\/3783"}],"wp:attachment":[{"href":"https:\/\/habergalatasaray.tr\/index.php\/wp-json\/wp\/v2\/media?parent=3782"}],"wp:term":[{"taxonomy":"category","embeddable":true,"href":"https:\/\/habergalatasaray.tr\/index.php\/wp-json\/wp\/v2\/categories?post=3782"},{"taxonomy":"post_tag","embeddable":true,"href":"https:\/\/habergalatasaray.tr\/index.php\/wp-json\/wp\/v2\/tags?post=3782"}],"curies":[{"name":"wp","href":"https:\/\/api.w.org\/{rel}","templated":true}]}}