{"id":3848,"date":"2025-02-10T21:12:07","date_gmt":"2025-02-10T21:12:07","guid":{"rendered":"https:\/\/habergalatasaray.tr\/?p=3848"},"modified":"2025-02-10T21:12:07","modified_gmt":"2025-02-10T21:12:07","slug":"hasan-sastan-galatasaray-maci-sonrasi-kadro-disi-yorumu-o-zaman-sen-de-ikisini-kadro-disi-birak","status":"publish","type":"post","link":"https:\/\/habergalatasaray.tr\/index.php\/2025\/02\/10\/hasan-sastan-galatasaray-maci-sonrasi-kadro-disi-yorumu-o-zaman-sen-de-ikisini-kadro-disi-birak\/","title":{"rendered":"Hasan \u015ea\u015f&#8217;tan Galatasaray ma\u00e7\u0131 sonras\u0131 kadro d\u0131\u015f\u0131 yorumu! &#8220;O zaman sen de ikisini kadro d\u0131\u015f\u0131 b\u0131rak&#8221;"},"content":{"rendered":"<p>Yeni A\u00e7\u0131k Youtube kanal\u0131nda Hasan \u015ea\u015f, Galatasaray &#8211; Adana Demirspor ma\u00e7\u0131yla ilgili yorumlarda bulundu.<\/p>\n<p><strong>\u015ea\u015f&#8217;\u0131n a\u00e7\u0131klamalar\u0131 \u015fu halde:<\/strong><\/p>\n<p><strong>&#8220;GALATASARAY MA\u00c7INDA B\u0130LEREK YAPTILAR&#8221;<\/strong><\/p>\n<p>&#8220;Ses getirebilmek i\u00e7in Galatasaray ma\u00e7\u0131nda alandan \u00e7ekildiler. Mesela G\u00f6ztepe ma\u00e7\u0131nda alandan \u00e7ekilse ses getirmez diye bu t\u00fcrl\u00fc oldu. Galatasaray ma\u00e7\u0131nda alandan \u00e7ekince b\u00fcy\u00fck bir infial oldu. Zira Galatasaray bir d\u00fcnya ekibi. Bunu Galatasaray ma\u00e7\u0131nda yapt\u0131\u011f\u0131n\u0131z an t\u00fcm d\u00fcnya bas\u0131n\u0131 g\u00f6recek. Bundan daha \u00e2l\u00e2 bir yol olmazd\u0131.&#8221; <\/p>\n<p><strong>&#8220;D\u0130B\u0130N TABANINA VURULDU&#8221;<\/strong><\/p>\n<p>&#8220;T\u00fcrk futbolu d\u00fczelsin diye bu t\u00fcrl\u00fc bir \u015fey yapt\u0131 diyelim. Hi\u00e7bir d\u00fczelmiyor ki? Ge\u00e7en sene hakem yumrukland\u0131, \u0130stanbulspor alandan \u00e7ekildi. Bug\u00fcn de Murat Sancak kadrosu alandan \u00e7ekti. Bu t\u00fcrl\u00fc yapmak ile T\u00fcrk futboluna katk\u0131 sa\u011flanmaz ki, daha \u00e7ok kaosa s\u00fcr\u00fckler. T\u00fcrk futbolu \u015fu an taban\u0131n taban\u0131na vurdu.&#8221;<\/p>\n<p><strong>&#8220;\u015e\u0130MD\u0130DEN ALLAH SABIR VERS\u0130N&#8221;<\/strong><\/p>\n<p>&#8220;\u0130ki hafta sonra Galatasaray &#8211; Fenerbah\u00e7e ma\u00e7\u0131 var. \u015eimdiden yabanc\u0131 hakem getirilsin diye televizyona ba\u011flananlar oldu. \u0130ki hafta sonra Galatasaray &#8211; Fenerbah\u00e7e ma\u00e7\u0131n\u0131 y\u00f6netecek hakeme \u015fimdiden Allah sab\u0131r versin. Ben hakem olsam &#8216;\u0130n\u015fallah bu ma\u00e7a beni atamazlar&#8217; diye dua ederim. Bu futbol ikliminde her \u015fey olabilir. O ma\u00e7ta bitmeyebilir, Ali Ko\u00e7&#8217;da kadrosu alandan \u00e7ekebilir. O vakit ne yapacaks\u0131n\u0131z?&#8221; <\/p>\n<p><strong>&#8220;BU \u0130\u015e\u0130N \u0130\u00c7\u0130NDEN \u00c7IKAMAZSINIZ&#8221;<\/strong><\/p>\n<p>&#8220;Kul\u00fcp y\u00f6neticilerinin ak\u0131ll\u0131 d\u00fc\u015f\u00fcnmesi laz\u0131m. 100 y\u0131ll\u0131k topluluklara sal\u0131ncak yap\u0131yorsunuz, 100 y\u0131ll\u0131k topluluklara h\u0131rs\u0131z diyorsunuz, 100 y\u0131ll\u0131k topluluklara \u015fike yapt\u0131, FET\u00d6&#8217;c\u00fc diyorsunuz. Sizin bunlar\u0131 konu\u015ftu\u011funuz yerde taraftarlar da kabaday\u0131 olur. Bu i\u015fin i\u00e7inden \u00e7\u0131kamazs\u0131n\u0131z, \u00e7ok mak\u00fbs yerlere gidiyor.&#8221; <\/p>\n<p><strong>&#8220;DERB\u0130YE YABANCI HAKEM GELECEK&#8221;<\/strong><\/p>\n<p>&#8220;Bence derbiye yabanc\u0131 hakem gelecek. Mecbur oldu. Hangi T\u00fcrk hakem bu ma\u00e7\u0131 y\u00f6netebilir? Hangi hakem d\u00fcd\u00fc\u011f\u00fc a\u011fz\u0131na g\u00f6t\u00fcrebilir? Dert.&#8221;<\/p>\n<p><strong>&#8220;MERTENS&#8217;\u0130 TAKIM DI\u015eI BIRAKTIK, O VAK\u0130T&#8230;&#8221;<\/strong><\/p>\n<p>&#8220;Diyelim ki Mertens&#8217;i tak\u0131m d\u0131\u015f\u0131 b\u0131rakt\u0131k. O vakit Dzeko&#8217;yu da tak\u0131m d\u0131\u015f\u0131 b\u0131rakacaks\u0131n. Kostic&#8217;i de tak\u0131m d\u0131\u015f\u0131 b\u0131rakacaks\u0131n. Bunu s\u00f6ylemesi \u00e7ok komik. Mertens&#8217;i b\u0131rakal\u0131m, sen de &#8216;Dzeko ve Kostic&#8217;i tak\u0131m d\u0131\u015f\u0131 b\u0131rak&#8217; demezler mi?&#8221;<\/p>\n<p><strong>&#8220;GALATASARAY, AZ ALKMAAR MA\u00c7INDA FAVOR\u0130&#8221;<\/strong><\/p>\n<p>&#8220;Ben Galatasaray&#8217;\u0131n AZ Alkmaar ma\u00e7\u0131nda favori oldu\u011funu d\u00fc\u015f\u00fcn\u00fcyorum. Tipi ge\u00e7ece\u011fini d\u00fc\u015f\u00fcn\u00fcyorum. Galatasaray esasen motiveydi lakin bu haftadan sonra daha da motive oldu. Bilhassa T\u00fcrkiye Ligi&#8217;ne.&#8221;<\/p>\n<p><strong>&#8220;GALATASARAY&#8217;I MOT\u0130VE ETT\u0130LER&#8221;<\/strong><\/p>\n<p>&#8220;Rizespor kendi konutunda \u00e2l\u00e2 oynuyor, \u00f6nemli bir ma\u00e7 olacak fakat Galatasaray daha \u00f6nemli. Galatasaray&#8217;\u0131 motive potas\u0131na Murat Sancak soktu. Okan hocan\u0131n soyunma odas\u0131nda futbolculara ba\u011f\u0131rmas\u0131na gerek kalmad\u0131, asl\u0131nda bu olaylar Galatasaray&#8217;\u0131 motive etti.&#8221; s\u00f6zlerini kulland\u0131.<\/p>\n<p><strong>Kaynak: habersarikirmizi.com<\/strong><\/p>\n","protected":false},"excerpt":{"rendered":"<p>Galatasaray &#8211; Adana Demirspor ma\u00e7\u0131 sonras\u0131 tart\u0131\u015fmalar devam ediyor.<\/p>\n","protected":false},"author":1,"featured_media":3849,"comment_status":"open","ping_status":"open","sticky":false,"template":"","format":"standard","meta":{"footnotes":""},"categories":[1],"tags":[191,24,130,71,288],"class_list":["post-3848","post","type-post","status-publish","format-standard","has-post-thumbnail","hentry","category-galatasaray-haber","tag-diye","tag-galatasaray","tag-hakem","tag-mac","tag-macinda"],"_links":{"self":[{"href":"https:\/\/habergalatasaray.tr\/index.php\/wp-json\/wp\/v2\/posts\/3848","targetHints":{"allow":["GET"]}}],"collection":[{"href":"https:\/\/habergalatasaray.tr\/index.php\/wp-json\/wp\/v2\/posts"}],"about":[{"href":"https:\/\/habergalatasaray.tr\/index.php\/wp-json\/wp\/v2\/types\/post"}],"author":[{"embeddable":true,"href":"https:\/\/habergalatasaray.tr\/index.php\/wp-json\/wp\/v2\/users\/1"}],"replies":[{"embeddable":true,"href":"https:\/\/habergalatasaray.tr\/index.php\/wp-json\/wp\/v2\/comments?post=3848"}],"version-history":[{"count":1,"href":"https:\/\/habergalatasaray.tr\/index.php\/wp-json\/wp\/v2\/posts\/3848\/revisions"}],"predecessor-version":[{"id":3850,"href":"https:\/\/habergalatasaray.tr\/index.php\/wp-json\/wp\/v2\/posts\/3848\/revisions\/3850"}],"wp:featuredmedia":[{"embeddable":true,"href":"https:\/\/habergalatasaray.tr\/index.php\/wp-json\/wp\/v2\/media\/3849"}],"wp:attachment":[{"href":"https:\/\/habergalatasaray.tr\/index.php\/wp-json\/wp\/v2\/media?parent=3848"}],"wp:term":[{"taxonomy":"category","embeddable":true,"href":"https:\/\/habergalatasaray.tr\/index.php\/wp-json\/wp\/v2\/categories?post=3848"},{"taxonomy":"post_tag","embeddable":true,"href":"https:\/\/habergalatasaray.tr\/index.php\/wp-json\/wp\/v2\/tags?post=3848"}],"curies":[{"name":"wp","href":"https:\/\/api.w.org\/{rel}","templated":true}]}}