{"id":4052,"date":"2025-02-13T14:24:05","date_gmt":"2025-02-13T14:24:05","guid":{"rendered":"https:\/\/habergalatasaray.tr\/?p=4052"},"modified":"2025-02-13T14:24:05","modified_gmt":"2025-02-13T14:24:05","slug":"mauro-icardi-affetmedi-cevabini-verdi","status":"publish","type":"post","link":"https:\/\/habergalatasaray.tr\/index.php\/2025\/02\/13\/mauro-icardi-affetmedi-cevabini-verdi\/","title":{"rendered":"Mauro Icardi affetmedi, cevab\u0131n\u0131 verdi!"},"content":{"rendered":"<p>Fenerbah\u00e7e Teknik Y\u00f6neticisi Jose Mourinho&#8217;nun a\u00e7\u0131klamalar\u0131 sonras\u0131 Galatasaray&#8217;\u0131n golc\u00fcs\u00fc Mauro Icardi, Portekizli \u00e7al\u0131\u015ft\u0131r\u0131c\u0131y\u0131 gaye alan payla\u015f\u0131mlarda bulunmu\u015ftu.<\/p>\n<p><strong>&#8220;SUSUP KABUL ED\u0130YORUM&#8221; DEM\u0130\u015eT\u0130<\/strong><\/p>\n<p>Jose Mourinho, Icardi&#8217;nin bu payla\u015f\u0131mlar\u0131yla ilgili yapt\u0131\u011f\u0131 a\u00e7\u0131klamada, &#8220;\u00d6zel biri oldu\u011fumu 25 y\u0131ll\u0131k mesle\u011fimde kazand\u0131\u011f\u0131m 26 kupayla g\u00f6sterdim. Icardi bir &#8216;GOAT&#8217;, b\u00fcy\u00fck bir &#8216;GOAT&#8217; oldu\u011fu i\u00e7in onun hakk\u0131nda yorum yapmay\u0131 tercih etmiyorum, yaln\u0131zca susup kabul ediyorum.&#8221; demi\u015fti.<\/p>\n<p><strong>MAURO ICARDI&#8217;DEN YEN\u0130 PAYLA\u015eIM<\/strong><\/p>\n<p>Icardi&#8217;den Portekizli \u00e7al\u0131\u015ft\u0131r\u0131c\u0131n\u0131n bu kelamlar\u0131na yan\u0131t niteli\u011finde bir payla\u015f\u0131m geldi.<\/p>\n<p><strong>\u0130\u015fte Icardi&#8217;nin payla\u015f\u0131m\u0131:<\/strong><\/p>\n<p><img decoding=\"async\" class=\"detayFoto\" src=\"https:\/\/habergalatasaray.tr\/wp-content\/uploads\/2025\/02\/mauro-icardi-affetmedi-cevabini-verdi-0-LiYf5i2A.jpg\"><\/p>\n<p><strong>Kaynak: habersarikirmizi.com<\/strong><\/p>\n","protected":false},"excerpt":{"rendered":"<p>Fenerbah\u00e7e Teknik Y\u00f6neticisi Jose Mourinho ve Galatasaray&#8217;\u0131n y\u0131ld\u0131z\u0131 Mauro Icardi ortas\u0131ndaki at\u0131\u015fmalar devam ediyor.<\/p>\n","protected":false},"author":1,"featured_media":4053,"comment_status":"open","ping_status":"open","sticky":false,"template":"","format":"standard","meta":{"footnotes":""},"categories":[1],"tags":[301],"class_list":["post-4052","post","type-post","status-publish","format-standard","has-post-thumbnail","hentry","category-galatasaray-haber","tag-paylasim"],"_links":{"self":[{"href":"https:\/\/habergalatasaray.tr\/index.php\/wp-json\/wp\/v2\/posts\/4052","targetHints":{"allow":["GET"]}}],"collection":[{"href":"https:\/\/habergalatasaray.tr\/index.php\/wp-json\/wp\/v2\/posts"}],"about":[{"href":"https:\/\/habergalatasaray.tr\/index.php\/wp-json\/wp\/v2\/types\/post"}],"author":[{"embeddable":true,"href":"https:\/\/habergalatasaray.tr\/index.php\/wp-json\/wp\/v2\/users\/1"}],"replies":[{"embeddable":true,"href":"https:\/\/habergalatasaray.tr\/index.php\/wp-json\/wp\/v2\/comments?post=4052"}],"version-history":[{"count":1,"href":"https:\/\/habergalatasaray.tr\/index.php\/wp-json\/wp\/v2\/posts\/4052\/revisions"}],"predecessor-version":[{"id":4055,"href":"https:\/\/habergalatasaray.tr\/index.php\/wp-json\/wp\/v2\/posts\/4052\/revisions\/4055"}],"wp:featuredmedia":[{"embeddable":true,"href":"https:\/\/habergalatasaray.tr\/index.php\/wp-json\/wp\/v2\/media\/4053"}],"wp:attachment":[{"href":"https:\/\/habergalatasaray.tr\/index.php\/wp-json\/wp\/v2\/media?parent=4052"}],"wp:term":[{"taxonomy":"category","embeddable":true,"href":"https:\/\/habergalatasaray.tr\/index.php\/wp-json\/wp\/v2\/categories?post=4052"},{"taxonomy":"post_tag","embeddable":true,"href":"https:\/\/habergalatasaray.tr\/index.php\/wp-json\/wp\/v2\/tags?post=4052"}],"curies":[{"name":"wp","href":"https:\/\/api.w.org\/{rel}","templated":true}]}}