{"id":4126,"date":"2025-02-14T22:36:15","date_gmt":"2025-02-14T22:36:15","guid":{"rendered":"https:\/\/habergalatasaray.tr\/?p=4126"},"modified":"2025-02-14T22:36:15","modified_gmt":"2025-02-14T22:36:15","slug":"nevzat-dindar-galatasaray-neye-dayanarak-transfer-etti-ben-olsam-ikisini-de-almazdim-35-milyon-euro","status":"publish","type":"post","link":"https:\/\/habergalatasaray.tr\/index.php\/2025\/02\/14\/nevzat-dindar-galatasaray-neye-dayanarak-transfer-etti-ben-olsam-ikisini-de-almazdim-35-milyon-euro\/","title":{"rendered":"Nevzat Dindar: &#8220;Galatasaray neye dayanarak transfer etti, ben olsam ikisini de almazd\u0131m, 35 milyon Euro&#8230;&#8221;"},"content":{"rendered":"<p>Galatasaray muhabiri Nevzat Dindar, sar\u0131 k\u0131rm\u0131z\u0131l\u0131lar\u0131n g\u00fcndemiyle ilgili yorumlarda bulundu.<\/p>\n<p><strong>Dindar&#8217;\u0131n a\u00e7\u0131klamalar\u0131 \u015fu halde:<\/strong><\/p>\n<p><strong>&#8220;JELERT, NEYE DAYANILARAK TRANSFER ED\u0130LD\u0130?&#8221;<\/strong><\/p>\n<p>&#8220;Elias Jelert&#8217;in nas\u0131l bir berbat yat\u0131r\u0131m oldu\u011funu bir defa daha g\u00f6rd\u00fck. Bu oyuncu neye dayan\u0131larak transfer edildi? Ben hala anlam\u0131\u015f de\u011filim.&#8221;<\/p>\n<p><strong>&#8220;CUESTA, \u00c7OK \u00d6NEML\u0130 B\u0130R SORU \u0130\u015eARET\u0130&#8221;<\/strong><\/p>\n<p>&#8220;Cuesta&#8217;n\u0131n \u00e7ok \u00f6nemli zaaflar\u0131 var. Rakip oyuncular yan\u0131ndan \u00e7ok \u00e7abuk ge\u00e7ti. Maliyeti de \u00e7ok y\u00fcksek. Benim i\u00e7in \u00e7ok \u00f6nemli bir soru i\u015fareti b\u0131rakt\u0131.&#8221;<\/p>\n<p><strong>&#8220;SARA, NEDEN BU HALDE?&#8221;<\/strong><\/p>\n<p>&#8220;Gabriel Sara \u015fu an d\u00f6k\u00fcl\u00fcyor. Sara neden bu halde? Geldi\u011finde hangi d\u00fczeydeydi, art\u0131k hangi d\u00fczeyde?&#8221;<\/p>\n<p><strong>&#8220;OYUNCULAR KOLAY HARCANIYOR&#8221;<\/strong><\/p>\n<p>&#8220;Galatasaray, toplumsal medyadaki r\u00fczgara nazaran hal al\u0131yor. Oyuncular kolay harcan\u0131yor. Toplumsal medyada &#8216;Buras\u0131 Galatasaray, bir d\u00f6nem ba\u015far\u0131s\u0131z olundu\u011fu vakit lider da sarfiyat, hoca da sarfiyat, oyuncular da sarfiyat ve Icardi mi gitti, daha d\u00fczg\u00fcn\u00fcn\u00fc alal\u0131m.&#8217; \u00fczere gaza gelme durumu oldu. Galatasaray&#8217;\u0131n geninde bu t\u00fcrl\u00fc bir \u015fey yoktur.&#8221;<\/p>\n<p><strong>&#8220;B\u0130R SENE \u0130\u00c7\u0130NDE 35 M\u0130LYON EURO HARCANMAZ&#8221;<\/strong><\/p>\n<p>&#8220;Dursun \u00d6zbek&#8217;in yerinde olsam Eren Elmal\u0131&#8217;y\u0131 da almazd\u0131m, Frankowski&#8217;yi de&hellip; Bir kadro Sacha Boey&#8217;i satt\u0131ktan sonra bir sene i\u00e7in de 6 tane bek al\u0131p o oyunculara 35 milyon Euro para harcayamaz! Bir ekip taraftar\u0131 gaza geliyor diye Icardi&#8217;ye, Batshuayi&#8217;ye, Morata&#8217;ya ve Osimhen&#8217;e y\u0131ll\u0131k 26 milyon Euro maa\u015f da ba\u011flayamaz! Bu ola\u011fan gidi\u015fat de\u011fil.&#8221; s\u00f6zlerini kulland\u0131.<\/p>\n","protected":false},"excerpt":{"rendered":"<p>Galatasaray&#8217;da al\u0131nan sonu\u00e7lar ve sergilenen oyun tenkitleri giderek art\u0131r\u0131yor.<\/p>\n","protected":false},"author":1,"featured_media":4127,"comment_status":"open","ping_status":"open","sticky":false,"template":"","format":"standard","meta":{"footnotes":""},"categories":[1],"tags":[37,38,32],"class_list":["post-4126","post","type-post","status-publish","format-standard","has-post-thumbnail","hentry","category-galatasaray-haber","tag-bir","tag-cok","tag-oyuncu"],"_links":{"self":[{"href":"https:\/\/habergalatasaray.tr\/index.php\/wp-json\/wp\/v2\/posts\/4126","targetHints":{"allow":["GET"]}}],"collection":[{"href":"https:\/\/habergalatasaray.tr\/index.php\/wp-json\/wp\/v2\/posts"}],"about":[{"href":"https:\/\/habergalatasaray.tr\/index.php\/wp-json\/wp\/v2\/types\/post"}],"author":[{"embeddable":true,"href":"https:\/\/habergalatasaray.tr\/index.php\/wp-json\/wp\/v2\/users\/1"}],"replies":[{"embeddable":true,"href":"https:\/\/habergalatasaray.tr\/index.php\/wp-json\/wp\/v2\/comments?post=4126"}],"version-history":[{"count":1,"href":"https:\/\/habergalatasaray.tr\/index.php\/wp-json\/wp\/v2\/posts\/4126\/revisions"}],"predecessor-version":[{"id":4128,"href":"https:\/\/habergalatasaray.tr\/index.php\/wp-json\/wp\/v2\/posts\/4126\/revisions\/4128"}],"wp:featuredmedia":[{"embeddable":true,"href":"https:\/\/habergalatasaray.tr\/index.php\/wp-json\/wp\/v2\/media\/4127"}],"wp:attachment":[{"href":"https:\/\/habergalatasaray.tr\/index.php\/wp-json\/wp\/v2\/media?parent=4126"}],"wp:term":[{"taxonomy":"category","embeddable":true,"href":"https:\/\/habergalatasaray.tr\/index.php\/wp-json\/wp\/v2\/categories?post=4126"},{"taxonomy":"post_tag","embeddable":true,"href":"https:\/\/habergalatasaray.tr\/index.php\/wp-json\/wp\/v2\/tags?post=4126"}],"curies":[{"name":"wp","href":"https:\/\/api.w.org\/{rel}","templated":true}]}}