{"id":4144,"date":"2025-02-15T00:48:06","date_gmt":"2025-02-15T00:48:06","guid":{"rendered":"https:\/\/habergalatasaray.tr\/?p=4144"},"modified":"2025-02-15T00:48:06","modified_gmt":"2025-02-15T00:48:06","slug":"mehmet-ozcan-galatasaray-govde-gosterisi-yapacakti-ama-son-gelen-bilgilere-gore-iptal-edildi","status":"publish","type":"post","link":"https:\/\/habergalatasaray.tr\/index.php\/2025\/02\/15\/mehmet-ozcan-galatasaray-govde-gosterisi-yapacakti-ama-son-gelen-bilgilere-gore-iptal-edildi\/","title":{"rendered":"Mehmet \u00d6zcan: &#8220;Galatasaray g\u00f6vde g\u00f6sterisi yapacakt\u0131 ama son gelen bilgilere g\u00f6re iptal edildi&#8221;"},"content":{"rendered":"<p>Galatasaray muhabiri Mehmet \u00d6zcan, Spor Alles Youtube kanal\u0131nda sar\u0131 k\u0131rm\u0131z\u0131l\u0131lar\u0131n g\u00fcndemini k\u0131ymetlendirdi.<\/p>\n<p><strong>\u00d6zcan&#8217;\u0131n a\u00e7\u0131klamalar\u0131 \u015fu bi\u00e7imde:<\/strong><\/p>\n<p><strong>&#8220;CUESTA, 8 M\u0130LYON EURO&#8217;LUK TOP\u00c7U MU?&#8221;<\/strong><\/p>\n<p>&#8220;Davinson Sanchez&#8217;e 9 milyon Euro verdin, Ba\u015fak\u015fehir ma\u00e7\u0131nda &#8216;Bu adam neymi\u015f ya?&#8217; dedirtti. Davinson kalitesini gelir gelmez g\u00f6stermi\u015fti. Art\u0131k Cuesta&#8217;ya &#8216;8 milyon Euro&#8217;luk top\u00e7u musun?&#8217; diye sorar\u0131m yani.&#8221; <\/p>\n<p><strong>&#8220;KORKUN\u00c7 B\u0130R TABLO&#8221;<\/strong><\/p>\n<p>&#8220;36 resmi ma\u00e7ta 54 gol yiyemezsin! Vahim bir tablo! Muslera yenebilecek t\u00fcm golleri yiyor. Galatasaray art\u0131k kaleden yana \u015fansl\u0131 de\u011fil. \u00dcst\u00fcne savunma k\u00fcmesi&#8230;&#8221;<\/p>\n<p><strong>&#8220;G\u0130DEREK FAT\u0130H TER\u0130M&#8217;E BENZ\u0130YOR&#8221;<\/strong><\/p>\n<p>&#8220;Okan Buruk&#8217;ta \u00fcz\u00fcld\u00fc\u011f\u00fcm \u015fey giderek Fatih Terim&#8217;e benzemesi. Tahlili daima transferde ar\u0131yor. Rizespor ve Fenerbah\u00e7e ma\u00e7\u0131 d\u00f6nemin k\u0131r\u0131lma ma\u00e7\u0131 olacak.&#8221; <\/p>\n<p><strong>&#8220;SON GELEN B\u0130LG\u0130LERE NAZARAN \u0130PTAL ED\u0130LD\u0130&#8221;<\/strong><\/p>\n<p>&#8220;Galatasaray&#8217;da &#8216;AZ Alkmaar&#8217;a kar\u015f\u0131 g\u00fczel sonu\u00e7 al\u0131r, Cuma m\u00fcsaade yapar ve Kemerburgaz&#8217;da idmanda g\u00f6vde g\u00f6sterisi yapar\u0131z&#8217; fikri vard\u0131 lakin son gelen bilgiler iptal edildi\u011fi taraf\u0131nda. Tat ka\u00e7t\u0131 bir defa. Oyuncular yorgun.&#8221; tabirlerini kulland\u0131.<\/p>\n","protected":false},"excerpt":{"rendered":"<p>Galatasaray&#8217;da savunma sorunu giderek artmaya devam ederken tenkitler yap\u0131l\u0131yor.<\/p>\n","protected":false},"author":1,"featured_media":4145,"comment_status":"open","ping_status":"open","sticky":false,"template":"","format":"standard","meta":{"footnotes":""},"categories":[1],"tags":[],"class_list":["post-4144","post","type-post","status-publish","format-standard","has-post-thumbnail","hentry","category-galatasaray-haber"],"_links":{"self":[{"href":"https:\/\/habergalatasaray.tr\/index.php\/wp-json\/wp\/v2\/posts\/4144","targetHints":{"allow":["GET"]}}],"collection":[{"href":"https:\/\/habergalatasaray.tr\/index.php\/wp-json\/wp\/v2\/posts"}],"about":[{"href":"https:\/\/habergalatasaray.tr\/index.php\/wp-json\/wp\/v2\/types\/post"}],"author":[{"embeddable":true,"href":"https:\/\/habergalatasaray.tr\/index.php\/wp-json\/wp\/v2\/users\/1"}],"replies":[{"embeddable":true,"href":"https:\/\/habergalatasaray.tr\/index.php\/wp-json\/wp\/v2\/comments?post=4144"}],"version-history":[{"count":1,"href":"https:\/\/habergalatasaray.tr\/index.php\/wp-json\/wp\/v2\/posts\/4144\/revisions"}],"predecessor-version":[{"id":4146,"href":"https:\/\/habergalatasaray.tr\/index.php\/wp-json\/wp\/v2\/posts\/4144\/revisions\/4146"}],"wp:featuredmedia":[{"embeddable":true,"href":"https:\/\/habergalatasaray.tr\/index.php\/wp-json\/wp\/v2\/media\/4145"}],"wp:attachment":[{"href":"https:\/\/habergalatasaray.tr\/index.php\/wp-json\/wp\/v2\/media?parent=4144"}],"wp:term":[{"taxonomy":"category","embeddable":true,"href":"https:\/\/habergalatasaray.tr\/index.php\/wp-json\/wp\/v2\/categories?post=4144"},{"taxonomy":"post_tag","embeddable":true,"href":"https:\/\/habergalatasaray.tr\/index.php\/wp-json\/wp\/v2\/tags?post=4144"}],"curies":[{"name":"wp","href":"https:\/\/api.w.org\/{rel}","templated":true}]}}