{"id":4213,"date":"2025-02-15T23:36:07","date_gmt":"2025-02-15T23:36:07","guid":{"rendered":"https:\/\/habergalatasaray.tr\/?p=4213"},"modified":"2025-02-15T23:36:07","modified_gmt":"2025-02-15T23:36:07","slug":"yagiz-sabuncuoglu-gelecek-sezon-kesin-galatasarayda-o-da-buyuk-ihtimalle-gidecek","status":"publish","type":"post","link":"https:\/\/habergalatasaray.tr\/index.php\/2025\/02\/15\/yagiz-sabuncuoglu-gelecek-sezon-kesin-galatasarayda-o-da-buyuk-ihtimalle-gidecek\/","title":{"rendered":"Ya\u011f\u0131z Sabuncuo\u011flu: &#8220;Gelecek sezon kesin Galatasaray&#8217;da! O da b\u00fcy\u00fck ihtimalle gidecek&#8221;"},"content":{"rendered":"<p>Sports Digitale&#8217;den Ya\u011f\u0131z Sabuncuo\u011flu, Galatasaray&#8217;\u0131n g\u00fcndemiyle ilgili yorumlarda bulundu.<\/p>\n<p><strong>Sabuncuo\u011flu&#8217;nun a\u00e7\u0131klamalar\u0131 \u015fu bi\u00e7imde:<\/strong><\/p>\n<p><strong>&#8220;MORATA KALACAK, OSIMHEN G\u0130DECEK&#8221;<\/strong><\/p>\n<p>&#8220;Alvaro Morata, gelecek d\u00f6nem kesin Galatasaray&#8217;da. Victor Osimhen b\u00fcy\u00fck ihtimalle gidecek ve yerine santrfor alacaklar. \u015eayet Galatasaray \u015fampiyon olursa Fernando Muslera kalabilir. T\u00fcm tenkitlere ve Lyon&#8217;dan Perri ile ilgilenmelerine kar\u015f\u0131n bir y\u0131ll\u0131k daha kredi a\u00e7\u0131l\u0131r.&#8221;<\/p>\n<p><strong>&#8220;DYBALA GELSEYD\u0130, MORATA GELMEYECEKT\u0130&#8221;<\/strong><\/p>\n<p>&#8220;Galatasaray, orta transfer periyodunda Paulo Dybala ile ilgilendi. \u0130ki y\u0131ll\u0131k maa\u015f\u0131 25 milyon Euro&#8217;ydu. \u015eayet Dybala gelseydi, Alvaro Morata gelmeyecekti. Anderson Talisca, Fenerbah\u00e7e&#8217;ye geldi\u011fi i\u00e7in Galatasaray idaresi de y\u0131ld\u0131z transferi yapma iste\u011fine y\u00f6neldi.&#8221;<\/p>\n<p><strong>&#8220;TURU GE\u00c7MEK ZOR&#8221;<\/strong><\/p>\n<p>&#8220;Victor Osimhen, Lucas Torreira ve Davinson Sanchez d\u00f6n\u00fcyor. AZ Alkmaar kar\u015f\u0131s\u0131nda \u00e7e\u015fidi ge\u00e7mek g\u00fc\u00e7. Skor 2-1, 3-1 olsa bir ihtimaldi ancak bence AZ Alkmaar \u00e7e\u015fidi ge\u00e7er. \u00c7ok gen\u00e7 ve s\u00fcratli oynayan bir tak\u0131ma sahipler. Ayr\u0131yeten Galatasaray kalesini gole kapatam\u0131yor, \u00e7ok gol atsa bile kalesinde gol g\u00f6rebilir.&#8221;<\/p>\n<p><strong>&#8220;OAKAN BURUK KALAMAYAB\u0130L\u0130R FAKAT MOURINHO&#8230;&#8221;<\/strong><\/p>\n<p>&#8220;Galatasaray&#8217;da sab\u0131r diye bir \u015fey yok. Galatasaray, \u015fampiyon olamazsa Okan Buruk kalamayabilir. Zira bir orta 8 puan \u00f6ne ge\u00e7mi\u015flerdi ve Avrupa&#8217;da ald\u0131\u011f\u0131 sonu\u00e7lardan \u00f6t\u00fcr\u00fc \u00e7ok \u00f6nemli tenkitler ald\u0131. Lakin Jose Mourinho, Fenerbah\u00e7e&#8217;yi \u015fampiyon yapamazsa bir sene daha kalabilir.&#8221; s\u00f6zlerini kulland\u0131.<\/p>\n<p><strong>Kaynak: habersarikirmizi.com<\/strong><\/p>\n","protected":false},"excerpt":{"rendered":"<p>Galatasaray, \u015fampiyonlu\u011fa hakikat ilerlerken Avrupa&#8217;da ald\u0131\u011f\u0131 sonu\u00e7lar tenkit al\u0131yor.<\/p>\n","protected":false},"author":1,"featured_media":4214,"comment_status":"open","ping_status":"open","sticky":false,"template":"","format":"standard","meta":{"footnotes":""},"categories":[1],"tags":[37,24],"class_list":["post-4213","post","type-post","status-publish","format-standard","has-post-thumbnail","hentry","category-galatasaray-haber","tag-bir","tag-galatasaray"],"_links":{"self":[{"href":"https:\/\/habergalatasaray.tr\/index.php\/wp-json\/wp\/v2\/posts\/4213","targetHints":{"allow":["GET"]}}],"collection":[{"href":"https:\/\/habergalatasaray.tr\/index.php\/wp-json\/wp\/v2\/posts"}],"about":[{"href":"https:\/\/habergalatasaray.tr\/index.php\/wp-json\/wp\/v2\/types\/post"}],"author":[{"embeddable":true,"href":"https:\/\/habergalatasaray.tr\/index.php\/wp-json\/wp\/v2\/users\/1"}],"replies":[{"embeddable":true,"href":"https:\/\/habergalatasaray.tr\/index.php\/wp-json\/wp\/v2\/comments?post=4213"}],"version-history":[{"count":1,"href":"https:\/\/habergalatasaray.tr\/index.php\/wp-json\/wp\/v2\/posts\/4213\/revisions"}],"predecessor-version":[{"id":4215,"href":"https:\/\/habergalatasaray.tr\/index.php\/wp-json\/wp\/v2\/posts\/4213\/revisions\/4215"}],"wp:featuredmedia":[{"embeddable":true,"href":"https:\/\/habergalatasaray.tr\/index.php\/wp-json\/wp\/v2\/media\/4214"}],"wp:attachment":[{"href":"https:\/\/habergalatasaray.tr\/index.php\/wp-json\/wp\/v2\/media?parent=4213"}],"wp:term":[{"taxonomy":"category","embeddable":true,"href":"https:\/\/habergalatasaray.tr\/index.php\/wp-json\/wp\/v2\/categories?post=4213"},{"taxonomy":"post_tag","embeddable":true,"href":"https:\/\/habergalatasaray.tr\/index.php\/wp-json\/wp\/v2\/tags?post=4213"}],"curies":[{"name":"wp","href":"https:\/\/api.w.org\/{rel}","templated":true}]}}