{"id":4219,"date":"2025-02-16T00:12:06","date_gmt":"2025-02-16T00:12:06","guid":{"rendered":"https:\/\/habergalatasaray.tr\/?p=4219"},"modified":"2025-02-16T00:12:06","modified_gmt":"2025-02-16T00:12:06","slug":"abdulkerim-durmazdan-caykur-rizespor-galatasaray-maci-tahmini","status":"publish","type":"post","link":"https:\/\/habergalatasaray.tr\/index.php\/2025\/02\/16\/abdulkerim-durmazdan-caykur-rizespor-galatasaray-maci-tahmini\/","title":{"rendered":"Abd\u00fclkerim Durmaz&#8217;dan \u00c7aykur Rizespor &#8211; Galatasaray ma\u00e7\u0131 tahmini"},"content":{"rendered":"<p>Galatasaray ve Fenerbah\u00e7e ortas\u0131ndaki 6 puanl\u0131k fark devam ediyor.<\/p>\n<p>Sar\u0131 k\u0131rm\u0131z\u0131l\u0131lar, \u015fampiyonluk yolunda ehemmiyeti avantaja sahipken bunu s\u00fcrd\u00fcrmek istiyor.<\/p>\n<p>Galatasaray&#8217;\u0131n \u00c7aykur Rizespor deplasman\u0131na konuk olaca\u011f\u0131 haftada Fenerbah\u00e7e ise alan\u0131nda Kas\u0131mpa\u015fa ile kar\u015f\u0131la\u015facak.<\/p>\n<p><strong>ABD\u00dcLKER\u0130M DURMAZ&#8217;DAN MA\u00c7 TAHM\u0130NLER\u0130<\/strong><\/p>\n<p>Beyaz TV yorumcusu Abd\u00fclkerim Durmaz, Galatasaray ve Fenerbah\u00e7e&#8217;nin ma\u00e7lar\u0131yla ilgili iddialarda bulundu.<\/p>\n<p><strong>Durmaz&#8217;\u0131n a\u00e7\u0131klamalar\u0131 \u015fu halde:<\/strong><\/p>\n<p><strong>Fenerbah\u00e7e &#8211; Kas\u0131mpa\u015fa<\/strong> (Fenerbah\u00e7e yener)<\/p>\n<p><strong>\u00c7aykur Rizespor &#8211; Galatasaray (<\/strong>Berabere biter)<\/p>\n<p><strong>Kaynak: habersarikirmizi.com<\/strong><\/p>\n","protected":false},"excerpt":{"rendered":"<p>Galatasaray, S\u00fcper Lig&#8217;de bu hafta \u00c7aykur Rizespor deplasman\u0131na konuk olacak.<\/p>\n","protected":false},"author":1,"featured_media":4220,"comment_status":"open","ping_status":"open","sticky":false,"template":"","format":"standard","meta":{"footnotes":""},"categories":[1],"tags":[],"class_list":["post-4219","post","type-post","status-publish","format-standard","has-post-thumbnail","hentry","category-galatasaray-haber"],"_links":{"self":[{"href":"https:\/\/habergalatasaray.tr\/index.php\/wp-json\/wp\/v2\/posts\/4219","targetHints":{"allow":["GET"]}}],"collection":[{"href":"https:\/\/habergalatasaray.tr\/index.php\/wp-json\/wp\/v2\/posts"}],"about":[{"href":"https:\/\/habergalatasaray.tr\/index.php\/wp-json\/wp\/v2\/types\/post"}],"author":[{"embeddable":true,"href":"https:\/\/habergalatasaray.tr\/index.php\/wp-json\/wp\/v2\/users\/1"}],"replies":[{"embeddable":true,"href":"https:\/\/habergalatasaray.tr\/index.php\/wp-json\/wp\/v2\/comments?post=4219"}],"version-history":[{"count":1,"href":"https:\/\/habergalatasaray.tr\/index.php\/wp-json\/wp\/v2\/posts\/4219\/revisions"}],"predecessor-version":[{"id":4221,"href":"https:\/\/habergalatasaray.tr\/index.php\/wp-json\/wp\/v2\/posts\/4219\/revisions\/4221"}],"wp:featuredmedia":[{"embeddable":true,"href":"https:\/\/habergalatasaray.tr\/index.php\/wp-json\/wp\/v2\/media\/4220"}],"wp:attachment":[{"href":"https:\/\/habergalatasaray.tr\/index.php\/wp-json\/wp\/v2\/media?parent=4219"}],"wp:term":[{"taxonomy":"category","embeddable":true,"href":"https:\/\/habergalatasaray.tr\/index.php\/wp-json\/wp\/v2\/categories?post=4219"},{"taxonomy":"post_tag","embeddable":true,"href":"https:\/\/habergalatasaray.tr\/index.php\/wp-json\/wp\/v2\/tags?post=4219"}],"curies":[{"name":"wp","href":"https:\/\/api.w.org\/{rel}","templated":true}]}}