{"id":4240,"date":"2025-02-16T14:12:06","date_gmt":"2025-02-16T14:12:06","guid":{"rendered":"https:\/\/habergalatasaray.tr\/?p=4240"},"modified":"2025-02-16T14:12:06","modified_gmt":"2025-02-16T14:12:06","slug":"nevzat-dindar-galatasarayda-birbirleriyle-konusmuyorlar-ve-biri-de-bisiklet-kiralayip-calisma-yapmiyor","status":"publish","type":"post","link":"https:\/\/habergalatasaray.tr\/index.php\/2025\/02\/16\/nevzat-dindar-galatasarayda-birbirleriyle-konusmuyorlar-ve-biri-de-bisiklet-kiralayip-calisma-yapmiyor\/","title":{"rendered":"Nevzat Dindar: &#8220;Galatasaray&#8217;da birbirleriyle konu\u015fmuyorlar ve biri de bisiklet kiralay\u0131p \u00e7al\u0131\u015fma yapm\u0131yor&#8221;"},"content":{"rendered":"<p>AZ Alkmaar ma\u00e7\u0131nda al\u0131nan a\u011f\u0131r hezimet sonras\u0131 Avrupa defterini kapatma tehlikesi ile kar\u015f\u0131 kar\u015f\u0131ya kalan Galatasaray&#8217;da daha evvel konu\u015fulmayan problemler g\u00fcn y\u00fcz\u00fcne \u00e7\u0131kmaya ba\u015flad\u0131.<\/p>\n<p>Avrupa\u2019daki travma ile sars\u0131lan sar\u0131 k\u0131rm\u0131z\u0131l\u0131larda, teknik tak\u0131mda bir dizi problemlerin bulundu\u011fu, fakat b\u00f6ylesine makus bir sonucun akabinde su y\u00fcz\u00fcne \u00e7\u0131kmas\u0131 dikkat \u00e7ekti.<\/p>\n<p><strong>B\u0130RB\u0130R\u0130YLE KONU\u015eMAYAN \u0130S\u0130MLER VAR<\/strong><\/p>\n<p>Farkl\u0131 durumlarda misyon yapan fakat Teknik Y\u00f6netici Okan Buruk\u2019a ba\u011fl\u0131 olan birtak\u0131m isimler ortas\u0131nda sorun bulunuyor. Hatta koordineli \u00e7al\u0131\u015fmas\u0131 gereken kimi isimler birbirileriyle konu\u015fmad\u0131klar\u0131 belirtildi.<\/p>\n<p><strong>ZAYIF \u0130DMAN TARTI\u015eMASI<\/strong><\/p>\n<p>Tak\u0131m\u0131n kondisyon istikametinden zay\u0131f kalmas\u0131nda idmanlar m\u0131 tesirli? Kondisyon idmanlar\u0131na tart\u0131 verilmedi\u011fi, k\u0131sa bir \u0131s\u0131nma ko\u015fusu ve 5\u2019e 2 yap\u0131ld\u0131\u011f\u0131 tabir edildi.<\/p>\n<p><strong>GARCIA GOMEZ&#8217;\u0130N B\u0130S\u0130KLET MERAKI<\/strong><\/p>\n<p>Okan Buruk\u2019un yard\u0131mc\u0131lar\u0131ndan Ismael Garcia Gomez\u2019in bisiklet merak\u0131 hocal\u0131\u011f\u0131n\u0131n \u00f6n\u00fcne ge\u00e7ti. Hollanda\u2019da da bisiklet kiralad\u0131. \u0130spanyol hocan\u0131n saatlerce bisiklet s\u00fcrd\u00fc\u011f\u00fc ve \u00e7al\u0131\u015ft\u0131rmas\u0131 gereken birtak\u0131m gen\u00e7leri 2 ki\u015filik grubuna emanet etti\u011fi belirtildi.<\/p>\n<p><strong>Kaynak: Nevzat Dindar \/ Milliyet<\/strong><\/p>\n","protected":false},"excerpt":{"rendered":"<p>Galatasaray&#8217;da ya\u015fanan birtak\u0131m s\u0131k\u0131nt\u0131lar\u0131n al\u0131nan berbat sonu\u00e7lar sonras\u0131 ortaya \u00e7\u0131kmaya ba\u015flad\u0131.<\/p>\n","protected":false},"author":1,"featured_media":4241,"comment_status":"open","ping_status":"open","sticky":false,"template":"","format":"standard","meta":{"footnotes":""},"categories":[1],"tags":[],"class_list":["post-4240","post","type-post","status-publish","format-standard","has-post-thumbnail","hentry","category-galatasaray-haber"],"_links":{"self":[{"href":"https:\/\/habergalatasaray.tr\/index.php\/wp-json\/wp\/v2\/posts\/4240","targetHints":{"allow":["GET"]}}],"collection":[{"href":"https:\/\/habergalatasaray.tr\/index.php\/wp-json\/wp\/v2\/posts"}],"about":[{"href":"https:\/\/habergalatasaray.tr\/index.php\/wp-json\/wp\/v2\/types\/post"}],"author":[{"embeddable":true,"href":"https:\/\/habergalatasaray.tr\/index.php\/wp-json\/wp\/v2\/users\/1"}],"replies":[{"embeddable":true,"href":"https:\/\/habergalatasaray.tr\/index.php\/wp-json\/wp\/v2\/comments?post=4240"}],"version-history":[{"count":1,"href":"https:\/\/habergalatasaray.tr\/index.php\/wp-json\/wp\/v2\/posts\/4240\/revisions"}],"predecessor-version":[{"id":4242,"href":"https:\/\/habergalatasaray.tr\/index.php\/wp-json\/wp\/v2\/posts\/4240\/revisions\/4242"}],"wp:featuredmedia":[{"embeddable":true,"href":"https:\/\/habergalatasaray.tr\/index.php\/wp-json\/wp\/v2\/media\/4241"}],"wp:attachment":[{"href":"https:\/\/habergalatasaray.tr\/index.php\/wp-json\/wp\/v2\/media?parent=4240"}],"wp:term":[{"taxonomy":"category","embeddable":true,"href":"https:\/\/habergalatasaray.tr\/index.php\/wp-json\/wp\/v2\/categories?post=4240"},{"taxonomy":"post_tag","embeddable":true,"href":"https:\/\/habergalatasaray.tr\/index.php\/wp-json\/wp\/v2\/tags?post=4240"}],"curies":[{"name":"wp","href":"https:\/\/api.w.org\/{rel}","templated":true}]}}