{"id":4263,"date":"2025-02-16T18:12:06","date_gmt":"2025-02-16T18:12:06","guid":{"rendered":"https:\/\/habergalatasaray.tr\/?p=4263"},"modified":"2025-02-16T18:12:06","modified_gmt":"2025-02-16T18:12:06","slug":"suleyman-rodop-galatasarayda-sakatlik-durumu-ciddi-uzun-bir-sure-takimdan-ayri-kalacak-gibi-duruyor","status":"publish","type":"post","link":"https:\/\/habergalatasaray.tr\/index.php\/2025\/02\/16\/suleyman-rodop-galatasarayda-sakatlik-durumu-ciddi-uzun-bir-sure-takimdan-ayri-kalacak-gibi-duruyor\/","title":{"rendered":"S\u00fcleyman Rodop: &#8220;Galatasaray&#8217;da sakatl\u0131k durumu ciddi, uzun bir s\u00fcre tak\u0131mdan ayr\u0131 kalacak gibi duruyor&#8221;"},"content":{"rendered":"<p>Ajans1905&#8217;ten S\u00fcleyman Rodop, Galatasaray&#8217;\u0131n g\u00fcndemiyle ilgili yorumlarda bulundu.<\/p>\n<p><strong>Rodop&#8217;un a\u00e7\u0131klamalar\u0131 \u015fu formda:<\/strong><\/p>\n<p><strong>&#8220;YUNUS AKG\u00dcN, R\u0130ZESPOR MA\u00c7I SONRASI D\u00d6N\u00dcYOR&#8221;<\/strong><\/p>\n<p>&#8220;Yunus Akg\u00fcn&#8217;\u00fcn Rizespor ma\u00e7\u0131ndan sonra ekiple \u00e7al\u0131\u015fmalara ba\u015flamas\u0131 bekleniyor.&#8221;<\/p>\n<p><strong>&#8220;JAKOBS&#8217;UN SAKATLI&#286;I C\u0130DD\u0130&#8221;<\/strong><\/p>\n<p>&#8220;Ismail Jakobs&#8217;un sakatl\u0131k durumu \u00f6nemli, daha uzun bir m\u00fcddet gruptan farkl\u0131 kalacak \u00fczere duruyor.&#8221;<\/p>\n<p><strong>&#8220;FUTBOLCULAR, KEMERGURGAZ YER\u0130NDEN \u00c7OK MEMNUN&#8221;<\/strong><\/p>\n<p>&#8220;Florya taban\u0131 \u00e7ok bozuldu\u011fu i\u00e7in Kemerburgaz tesislerinde idman yap\u0131lma karar\u0131 verildi. Futbolcular\u0131m\u0131z, Kemerburgaz Tesisleri yerinden \u00e7ok mutlu kald\u0131.&#8221;<\/p>\n<p><strong>&#8220;KISA M\u00dcDDET \u0130\u00c7\u0130NDE B\u00dcSB\u00dcT\u00dcN KEMERBURGAZ&#8217;A GE\u00c7EB\u0130L\u0130RLER&#8221;<\/strong><\/p>\n<p>&#8220;Galatasaray&#8217;da Kemerburgaz&#8217;a ge\u00e7i\u015f i\u00e7in fikir tekrar de\u011fi\u015fiyor \u00fczere duruyor. Eksik %10 olan bir k\u0131s\u0131m kald\u0131, Galatasaray k\u0131sa m\u00fchlet sonra Kemerburgaz&#8217;a ge\u00e7ebilir.&#8221; tabirlerini kulland\u0131.<\/p>\n","protected":false},"excerpt":{"rendered":"<p>Galatasaray&#8217;da g\u00f6zler \u00c7aykur Rizespor ma\u00e7\u0131na \u00e7evrilirken de\u011ferli eksikler bulunuyor.<\/p>\n","protected":false},"author":1,"featured_media":4264,"comment_status":"open","ping_status":"open","sticky":false,"template":"","format":"standard","meta":{"footnotes":""},"categories":[1],"tags":[316],"class_list":["post-4263","post","type-post","status-publish","format-standard","has-post-thumbnail","hentry","category-galatasaray-haber","tag-kemerburgaz"],"_links":{"self":[{"href":"https:\/\/habergalatasaray.tr\/index.php\/wp-json\/wp\/v2\/posts\/4263","targetHints":{"allow":["GET"]}}],"collection":[{"href":"https:\/\/habergalatasaray.tr\/index.php\/wp-json\/wp\/v2\/posts"}],"about":[{"href":"https:\/\/habergalatasaray.tr\/index.php\/wp-json\/wp\/v2\/types\/post"}],"author":[{"embeddable":true,"href":"https:\/\/habergalatasaray.tr\/index.php\/wp-json\/wp\/v2\/users\/1"}],"replies":[{"embeddable":true,"href":"https:\/\/habergalatasaray.tr\/index.php\/wp-json\/wp\/v2\/comments?post=4263"}],"version-history":[{"count":1,"href":"https:\/\/habergalatasaray.tr\/index.php\/wp-json\/wp\/v2\/posts\/4263\/revisions"}],"predecessor-version":[{"id":4265,"href":"https:\/\/habergalatasaray.tr\/index.php\/wp-json\/wp\/v2\/posts\/4263\/revisions\/4265"}],"wp:featuredmedia":[{"embeddable":true,"href":"https:\/\/habergalatasaray.tr\/index.php\/wp-json\/wp\/v2\/media\/4264"}],"wp:attachment":[{"href":"https:\/\/habergalatasaray.tr\/index.php\/wp-json\/wp\/v2\/media?parent=4263"}],"wp:term":[{"taxonomy":"category","embeddable":true,"href":"https:\/\/habergalatasaray.tr\/index.php\/wp-json\/wp\/v2\/categories?post=4263"},{"taxonomy":"post_tag","embeddable":true,"href":"https:\/\/habergalatasaray.tr\/index.php\/wp-json\/wp\/v2\/tags?post=4263"}],"curies":[{"name":"wp","href":"https:\/\/api.w.org\/{rel}","templated":true}]}}