{"id":4301,"date":"2025-02-17T01:36:06","date_gmt":"2025-02-17T01:36:06","guid":{"rendered":"https:\/\/habergalatasaray.tr\/?p=4301"},"modified":"2025-02-17T01:36:06","modified_gmt":"2025-02-17T01:36:06","slug":"serhat-ulueren-galatasarayda-adama-tuzak-kurdular-iftira-attilar-dayanamayip-birakip-gitti","status":"publish","type":"post","link":"https:\/\/habergalatasaray.tr\/index.php\/2025\/02\/17\/serhat-ulueren-galatasarayda-adama-tuzak-kurdular-iftira-attilar-dayanamayip-birakip-gitti\/","title":{"rendered":"Serhat Ulueren: &#8220;Galatasaray&#8217;da adama tuzak kurdular, iftira att\u0131lar, dayanamay\u0131p b\u0131rak\u0131p gitti&#8221;"},"content":{"rendered":"<p>Telegol yorumcusu Selim Soydan, Galatasaray&#8217;\u0131n g\u00fcndemiyle ilgili yorumlarda bulundu.<\/p>\n<p><strong>Soydan&#8217;\u0131m a\u00e7\u0131klamalar\u0131 \u015fu formda:<\/strong><\/p>\n<p><strong>&#8220;ERDEN T\u0130MUR&#8217;A EVVEL TUZAK KURDULAR, SONRA \u0130FT\u0130RA ATTILAR&#8221;<\/strong><\/p>\n<p>&#8220;Galatasaray, Mauro Icardi&#8217;yi birinci olarak kiralam\u0131\u015ft\u0131, akabinde bonservisinin al\u0131n\u0131p al\u0131nmayaca\u011f\u0131 konu\u015fuluyordu. Icardi&#8217;nin Avrupa&#8217;dan talipleri vard\u0131, sonra Arabistan pazar\u0131 \u00e7ok faaldi. Galatasarayl\u0131 y\u00f6neticiler tuzak kuruyor ve &#8216;Biz bu i\u015fe kar\u0131\u015fmayal\u0131m Erden Timur&#8217;a b\u0131rakal\u0131m, nas\u0131l olsa alamaz, alamayaca\u011f\u0131 i\u00e7in de onu su\u00e7lar\u0131z&#8217; diyor. Sonra ne oluyor? Bu adam tekrar uygun bir transfer ba\u015far\u0131s\u0131na imza atarak oyuncunun bonservisini al\u0131yor. E\u015fine, \u00e7ocuklar\u0131na imkan sa\u011fl\u0131yor. Hatta cebinden para verdi\u011fi bile oluyor. Sonra da Erden Timur i\u00e7in &#8216;Bak bu transfer \u00fczerinden para akl\u0131yor, cebine para indiriyor&#8217; diyorlar. \u0130\u015fte bu bi\u00e7imde Erden Timur&#8217;a iftira att\u0131lar. O da dayanamay\u0131p b\u0131rak\u0131p gitti.&#8221;<\/p>\n<p><strong>&#8220;TARAFTAR AH\u0130TAP EDEN Y\u00d6NET\u0130C\u0130 YOK&#8221;<\/strong><\/p>\n<p>&#8220;Galatasaray idaresinde bug\u00fcn kimse taraftar\u0131na hitap edemiyor. Galatasaray toplulu\u011fu Erden Timur ve Ali Ko\u00e7 \u00fczere gen\u00e7, konu\u015fmay\u0131 bilen, camais\u0131n\u0131 ve taraftar\u0131n\u0131 konsolide edebilecek bir lider profili ar\u0131yor. Ge\u00e7en y\u0131llarda Erden Timur ve Ali Ko\u00e7 kar\u015f\u0131 kar\u015f\u0131ya \u00e7ok geliyordu ancak art\u0131k Acun Il\u0131cal\u0131&#8217;ya kimse kar\u015f\u0131l\u0131k bile veremiyor.&#8221;<\/p>\n<p><strong>&#8220;ERDEN T\u0130MUR&#8217;UN \u00d6NEML\u0130 KAR\u015eILI&#286;I VAR&#8221;<\/strong><\/p>\n<p>&#8220;Galatasaray&#8217;da futbola kim bak\u0131yor, transferleri kim yap\u0131yor? \u0130brahim Hatipo\u011flu ve Maruf G\u00fcne\u015f&#8230; Abdullah Kavukcu da ortalar\u0131na kat\u0131lm\u0131\u015f. Konu\u015fan kim? Lider Yard\u0131mc\u0131s\u0131 Metin \u00d6zt\u00fcrk. Burada esasen \u00e7ok ba\u015fl\u0131l\u0131k var. Bu t\u00fcrl\u00fc olunca da transferler gecikiyor. Lakin Erden Timur olsa her \u015feyi kendi grubuyla tek ba\u015f\u0131na hallediyordu. Bu da nat\u00fcrel ki birilerinin g\u00f6z\u00fcne bat\u0131yordu. Her \u015feye kar\u015f\u0131n tekrar de Erden Timur&#8217;un kongre taraf\u0131ndan \u00f6nemli bir kar\u015f\u0131l\u0131\u011f\u0131 var, seviliyor.&#8221; s\u00f6zlerini kulland\u0131.<\/p>\n<p><strong>Kaynak: habersarikirmizi.com<\/strong><\/p>\n","protected":false},"excerpt":{"rendered":"<p>Galatasaray&#8217;da son devirlerde bir\u00e7ok sorun g\u00fcn y\u00fcz\u00fcne \u00e7\u0131kmaya ba\u015flad\u0131.<\/p>\n","protected":false},"author":1,"featured_media":4302,"comment_status":"open","ping_status":"open","sticky":false,"template":"","format":"standard","meta":{"footnotes":""},"categories":[1],"tags":[207,24,280],"class_list":["post-4301","post","type-post","status-publish","format-standard","has-post-thumbnail","hentry","category-galatasaray-haber","tag-erden-timur","tag-galatasaray","tag-kim"],"_links":{"self":[{"href":"https:\/\/habergalatasaray.tr\/index.php\/wp-json\/wp\/v2\/posts\/4301","targetHints":{"allow":["GET"]}}],"collection":[{"href":"https:\/\/habergalatasaray.tr\/index.php\/wp-json\/wp\/v2\/posts"}],"about":[{"href":"https:\/\/habergalatasaray.tr\/index.php\/wp-json\/wp\/v2\/types\/post"}],"author":[{"embeddable":true,"href":"https:\/\/habergalatasaray.tr\/index.php\/wp-json\/wp\/v2\/users\/1"}],"replies":[{"embeddable":true,"href":"https:\/\/habergalatasaray.tr\/index.php\/wp-json\/wp\/v2\/comments?post=4301"}],"version-history":[{"count":1,"href":"https:\/\/habergalatasaray.tr\/index.php\/wp-json\/wp\/v2\/posts\/4301\/revisions"}],"predecessor-version":[{"id":4303,"href":"https:\/\/habergalatasaray.tr\/index.php\/wp-json\/wp\/v2\/posts\/4301\/revisions\/4303"}],"wp:featuredmedia":[{"embeddable":true,"href":"https:\/\/habergalatasaray.tr\/index.php\/wp-json\/wp\/v2\/media\/4302"}],"wp:attachment":[{"href":"https:\/\/habergalatasaray.tr\/index.php\/wp-json\/wp\/v2\/media?parent=4301"}],"wp:term":[{"taxonomy":"category","embeddable":true,"href":"https:\/\/habergalatasaray.tr\/index.php\/wp-json\/wp\/v2\/categories?post=4301"},{"taxonomy":"post_tag","embeddable":true,"href":"https:\/\/habergalatasaray.tr\/index.php\/wp-json\/wp\/v2\/tags?post=4301"}],"curies":[{"name":"wp","href":"https:\/\/api.w.org\/{rel}","templated":true}]}}