{"id":4341,"date":"2025-02-17T20:12:06","date_gmt":"2025-02-17T20:12:06","guid":{"rendered":"https:\/\/habergalatasaray.tr\/?p=4341"},"modified":"2025-02-17T20:12:06","modified_gmt":"2025-02-17T20:12:06","slug":"ridvan-dilmen-galatasarayda-bu-adama-150-milyon-euro-da-verilir-her-yere-saldiran-bir-adam-var","status":"publish","type":"post","link":"https:\/\/habergalatasaray.tr\/index.php\/2025\/02\/17\/ridvan-dilmen-galatasarayda-bu-adama-150-milyon-euro-da-verilir-her-yere-saldiran-bir-adam-var\/","title":{"rendered":"R\u0131dvan Dilmen: &#8220;Galatasaray&#8217;da bu adama 150 milyon Euro da verilir, her yere sald\u0131ran bir adam var&#8221;"},"content":{"rendered":"<p>HT Spor yorumcusu R\u0131dvan Dilmen, \u00c7aykur Rizespor &#8211; Galatasaray ma\u00e7\u0131yla ilgili yorumlarda bulundu.<\/p>\n<p><strong>Dilmen&#8217;in a\u00e7\u0131klamalar\u0131 \u015fu formda:<\/strong><\/p>\n<p><strong>&#8220;LEMINA&#8217;YI ALARAK FEVKALADE ATAK YAPTI&#8221;<\/strong><\/p>\n<p>&#8220;Galibiyete gereksinimi olan Okan Buruk, bence dayan\u0131lmaz at\u0131l\u0131m yaparak Lemina&#8217;y\u0131 ald\u0131. \u0130\u015fte orada ma\u00e7\u0131 kazand\u0131.&#8221;<\/p>\n<p><strong>&#8220;OSIMHEN&#8217;E 150 M\u0130LYON EURO DA VER\u0130L\u0130R&#8221;<\/strong><\/p>\n<p>&#8220;Victor Osimhen, muhtemelen seneye olmayacak. Bu adama 150 milyon Euro da verilir. D\u00fcnyada bu tip santrfor say\u0131s\u0131 azald\u0131. Her yere sald\u0131ran bir adam var.&#8221;<\/p>\n<p><strong>&#8220;FRANKOWSKI, Z\u0130YADES\u0130YLE SINIFI GE\u00c7T\u0130&#8221;<\/strong><\/p>\n<p>&#8220;Przemyslaw Frankowski, benden ziyadesiyle s\u0131n\u0131f\u0131 ge\u00e7ti.  Frankowski&#8217;yi de be\u011fendim. \u00c7ok ba\u015far\u0131l\u0131yd\u0131.&#8221;<\/p>\n<p><strong>&#8220;EREN ELMALI \u0130\u00c7\u0130N &#8216;PROBLEM\u0130 \u00c7\u00d6ZD\u00dcN\u00dcZ&#8217; DED\u0130M&#8221;<\/strong><\/p>\n<p>&#8220;Eren Elmal\u0131 ile ilgili bir parantez a\u00e7ay\u0131m. Ge\u00e7en g\u00fcn Abdullah Kavukcu ile yapt\u0131\u011f\u0131m\u0131z sohbette ona, &#8216;Y\u0131llard\u0131r olan sorununuzu \u00e7\u00f6zd\u00fcn\u00fcz&#8217; dedim. O da, &#8216;Ger\u00e7ekten mi hocam? \u00c7ok istiyorduk&#8217; dedi. Okan Buruk isteyince getirdiler.&#8221;<\/p>\n<p><strong>&#8220;DERB\u0130Y\u0130 KAZANIRLARSA Y\u00dcZDE 90 \u015eAMP\u0130YON OLURLAR&#8221;<\/strong><\/p>\n<p>&#8220;Galatasaray, derbiyi kazan\u0131rsa %90 \u015fampiyon olur. Hatta &#8216;\u015eampiy&#8217; derim ben, &#8216;o&#8217; ve &#8216;n&#8217; harflerini b\u0131rak\u0131r\u0131m.&#8221; tabirlerini kulland\u0131.<\/p>\n<p><strong>Kaynak: habersarikirmizi.com<\/strong><\/p>\n","protected":false},"excerpt":{"rendered":"<p>Galatasaray, S\u00fcper Lig&#8217;de \u00c7aykur Rizespor deplasman\u0131ndan 2-1&#8217;lik galibiyetle ayr\u0131ld\u0131.<\/p>\n","protected":false},"author":1,"featured_media":4342,"comment_status":"open","ping_status":"open","sticky":false,"template":"","format":"standard","meta":{"footnotes":""},"categories":[1],"tags":[],"class_list":["post-4341","post","type-post","status-publish","format-standard","has-post-thumbnail","hentry","category-galatasaray-haber"],"_links":{"self":[{"href":"https:\/\/habergalatasaray.tr\/index.php\/wp-json\/wp\/v2\/posts\/4341","targetHints":{"allow":["GET"]}}],"collection":[{"href":"https:\/\/habergalatasaray.tr\/index.php\/wp-json\/wp\/v2\/posts"}],"about":[{"href":"https:\/\/habergalatasaray.tr\/index.php\/wp-json\/wp\/v2\/types\/post"}],"author":[{"embeddable":true,"href":"https:\/\/habergalatasaray.tr\/index.php\/wp-json\/wp\/v2\/users\/1"}],"replies":[{"embeddable":true,"href":"https:\/\/habergalatasaray.tr\/index.php\/wp-json\/wp\/v2\/comments?post=4341"}],"version-history":[{"count":1,"href":"https:\/\/habergalatasaray.tr\/index.php\/wp-json\/wp\/v2\/posts\/4341\/revisions"}],"predecessor-version":[{"id":4343,"href":"https:\/\/habergalatasaray.tr\/index.php\/wp-json\/wp\/v2\/posts\/4341\/revisions\/4343"}],"wp:featuredmedia":[{"embeddable":true,"href":"https:\/\/habergalatasaray.tr\/index.php\/wp-json\/wp\/v2\/media\/4342"}],"wp:attachment":[{"href":"https:\/\/habergalatasaray.tr\/index.php\/wp-json\/wp\/v2\/media?parent=4341"}],"wp:term":[{"taxonomy":"category","embeddable":true,"href":"https:\/\/habergalatasaray.tr\/index.php\/wp-json\/wp\/v2\/categories?post=4341"},{"taxonomy":"post_tag","embeddable":true,"href":"https:\/\/habergalatasaray.tr\/index.php\/wp-json\/wp\/v2\/tags?post=4341"}],"curies":[{"name":"wp","href":"https:\/\/api.w.org\/{rel}","templated":true}]}}