{"id":4392,"date":"2025-02-18T11:24:10","date_gmt":"2025-02-18T11:24:10","guid":{"rendered":"https:\/\/habergalatasaray.tr\/?p=4392"},"modified":"2025-02-18T11:24:10","modified_gmt":"2025-02-18T11:24:10","slug":"serdar-ali-celikler-yuzde-95-ya-da-yuzde-99-galatasaray-belki-yedek-oyuncularla","status":"publish","type":"post","link":"https:\/\/habergalatasaray.tr\/index.php\/2025\/02\/18\/serdar-ali-celikler-yuzde-95-ya-da-yuzde-99-galatasaray-belki-yedek-oyuncularla\/","title":{"rendered":"Serdar Ali \u00c7elikler: &#8220;Y\u00fczde 95 ya da y\u00fczde 99&#8230; Galatasaray belki yedek oyuncularla&#8230;&#8221;"},"content":{"rendered":"<p>Neo Spor Youtube kanal\u0131nda Serdar Ali \u00c7elikler, Galatasaray ile ilgili yorumlarda bulundu.<\/p>\n<p><strong>\u00c7elikler&#8217;in a\u00e7\u0131klamalar\u0131 \u015fu bi\u00e7imde:<\/strong><\/p>\n<p><strong>&#8220;YEN\u0130LMEZSEN Y\u00dcZDE 95 \u015eAMP\u0130YONSUN&#8221;<\/strong><\/p>\n<p>&#8220;Galatasaray kritik bir galibiyet ald\u0131. Bana nazaran Bar\u0131\u015f Alper Y\u0131lmaz, Torreira ve Mertens \u00e7ok berbatt\u0131. Galatasaray&#8217;\u0131 oyunu \u00fczerinden ele\u015ftirmem. 3 puan laz\u0131md\u0131, o 3 puan\u0131 ald\u0131. Galatasaray, AZ Alkmaar ma\u00e7\u0131 d\u00f6n\u00fc\u015f\u00fcnde \u00e7ok kritik bir 3 puan kazand\u0131. K\u0131ymetli oyuncular\u0131n yeterli bir ma\u00e7 ge\u00e7irmemesine kar\u015f\u0131n bu deplasmanda kazan\u0131yorsan, skoru ald\u0131n, i\u015fi g\u00f6rd\u00fcn demektir.&#8221;<\/p>\n<p><strong>&#8220;SADECE TER EGZERS\u0130Z\u0130YLE MA\u00c7A \u00c7IKMI\u015eLARDIR&#8221;<\/strong><\/p>\n<p>&#8220;Galatasaray, asl\u0131nda yeni bir tak\u0131ma sahip. Eren Elmal\u0131, Mario Lemina ve Frankowski \u00fczere isimler yaln\u0131zca ter antrenmanlar\u0131yla bu ma\u00e7a \u00e7\u0131km\u0131\u015flard\u0131r. Skoru ald\u0131n m\u0131? Ald\u0131n. Galatasaray, derbiyi kaybetmezse %95 \u015fampiyon olur. Yensen %99 \u015fampiyonsun.&#8221;<\/p>\n<p><strong>&#8220;BELK\u0130 YEDEKLERLE \u00c7IKACAKLAR&#8221;<\/strong><\/p>\n<p>&#8220;Per\u015fembe g\u00fcn\u00fc AZ Alkmaar ma\u00e7\u0131 var. O ma\u00e7\u0131 g\u00f6rmemiz laz\u0131m. Derbiyi sonra konu\u015faca\u011f\u0131z. Tahminen yedeklerle \u00e7\u0131kacaklar, tahminen son g\u00fcc\u00fcne kadar \u00e7aba edecekler.&#8221;<\/p>\n<p><strong>&#8220;HER G\u00dcN DAYAK VARDI&#8221;<\/strong><\/p>\n<p>&#8220;E\u011fer \u00c7aykur Rizespor &#8211; Galatasaray ma\u00e7\u0131 berabere bitseydi gruba ve Okan Buruk&#8217;a her g\u00fcn dayak vard\u0131. Derbiye kadar ortal\u0131k kar\u0131\u015fm\u0131\u015ft\u0131. D\u00f6nem ba\u015f\u0131nda Galatasaray g\u00fcmb\u00fcr g\u00fcmb\u00fcr oynuyordu fakat atletizm belirli ki d\u00fc\u015fm\u00fc\u015f.&#8221;<\/p>\n<p><strong>&#8220;OKAN BURUK&#8217;TA BAL VAR&#8221;<\/strong><\/p>\n<p>&#8220;Okan Buruk&#8217;ta biraz da bal var. Bodrum FK ma\u00e7\u0131nda top direkten d\u00f6n\u00fcyor. Gaziantep FK&#8217;da Okereke bo\u015f kaleye auta vuruyor, Rizespor ma\u00e7\u0131nda top direkten d\u00f6n\u00fcyor&#8230; Her ba\u015far\u0131l\u0131 hocan\u0131n bu t\u00fcrl\u00fc talihi vard\u0131r.&#8221; <\/p>\n<p><strong>&#8220;D\u00dc\u015e\u00dc\u015e\u00dcN NEDEN\u0130 ICARDI&#8221;<\/strong><\/p>\n<p>&#8220;Galatasaray&#8217;da bir d\u00fc\u015f\u00fc\u015f varsa bunu Mauro Icardi&#8217;ye de ba\u011flamak laz\u0131m. Fenerah\u00e7e&#8217;den Dzeko&#8217;yu \u00e7\u0131karal\u0131m, En-Nesyri bu kadar verimli olur muydu?&#8221;<\/p>\n<p><strong>&#8220;EREN ELMALI, B\u00dcY\u00dcK GRUP BEK\u0130 OLAMAZ&#8221;<\/strong><\/p>\n<p>&#8220;Mario Lemina d\u00fczg\u00fcnd\u00fc. Lakin fizik\u00ee olarak kal\u0131n g\u00f6rd\u00fcm. Frakowski k\u00f6t\u00fc de\u011fildi. Eren Elmal\u0131 bence b\u00fcy\u00fck ekip beki olamaz. Carlos Cuesta&#8217;y\u0131 hi\u00e7 anlamad\u0131m.&#8221; s\u00f6zlerini kulland\u0131.<\/p>\n","protected":false},"excerpt":{"rendered":"<p>Galatasaray, AZ Alkmaar ve Fenerbah\u00e7e ma\u00e7lar\u0131 \u00f6ncesi Rize&#8217;den moralli d\u00f6nd\u00fc.<\/p>\n","protected":false},"author":1,"featured_media":4393,"comment_status":"open","ping_status":"open","sticky":false,"template":"","format":"standard","meta":{"footnotes":""},"categories":[1],"tags":[37,24,107],"class_list":["post-4392","post","type-post","status-publish","format-standard","has-post-thumbnail","hentry","category-galatasaray-haber","tag-bir","tag-galatasaray","tag-maci"],"_links":{"self":[{"href":"https:\/\/habergalatasaray.tr\/index.php\/wp-json\/wp\/v2\/posts\/4392","targetHints":{"allow":["GET"]}}],"collection":[{"href":"https:\/\/habergalatasaray.tr\/index.php\/wp-json\/wp\/v2\/posts"}],"about":[{"href":"https:\/\/habergalatasaray.tr\/index.php\/wp-json\/wp\/v2\/types\/post"}],"author":[{"embeddable":true,"href":"https:\/\/habergalatasaray.tr\/index.php\/wp-json\/wp\/v2\/users\/1"}],"replies":[{"embeddable":true,"href":"https:\/\/habergalatasaray.tr\/index.php\/wp-json\/wp\/v2\/comments?post=4392"}],"version-history":[{"count":1,"href":"https:\/\/habergalatasaray.tr\/index.php\/wp-json\/wp\/v2\/posts\/4392\/revisions"}],"predecessor-version":[{"id":4394,"href":"https:\/\/habergalatasaray.tr\/index.php\/wp-json\/wp\/v2\/posts\/4392\/revisions\/4394"}],"wp:featuredmedia":[{"embeddable":true,"href":"https:\/\/habergalatasaray.tr\/index.php\/wp-json\/wp\/v2\/media\/4393"}],"wp:attachment":[{"href":"https:\/\/habergalatasaray.tr\/index.php\/wp-json\/wp\/v2\/media?parent=4392"}],"wp:term":[{"taxonomy":"category","embeddable":true,"href":"https:\/\/habergalatasaray.tr\/index.php\/wp-json\/wp\/v2\/categories?post=4392"},{"taxonomy":"post_tag","embeddable":true,"href":"https:\/\/habergalatasaray.tr\/index.php\/wp-json\/wp\/v2\/tags?post=4392"}],"curies":[{"name":"wp","href":"https:\/\/api.w.org\/{rel}","templated":true}]}}