{"id":4424,"date":"2025-02-18T19:48:07","date_gmt":"2025-02-18T19:48:07","guid":{"rendered":"https:\/\/habergalatasaray.tr\/?p=4424"},"modified":"2025-02-18T19:48:07","modified_gmt":"2025-02-18T19:48:07","slug":"ali-naci-kucuk-fenerbahceliler-galatasaray-macini-izlerken-eyvah-dedi-okan-buruku-en-cok-heyecanlandiran-transfer","status":"publish","type":"post","link":"https:\/\/habergalatasaray.tr\/index.php\/2025\/02\/18\/ali-naci-kucuk-fenerbahceliler-galatasaray-macini-izlerken-eyvah-dedi-okan-buruku-en-cok-heyecanlandiran-transfer\/","title":{"rendered":"Ali Naci K\u00fc\u00e7\u00fck: &#8220;Fenerbah\u00e7eliler, Galatasaray ma\u00e7\u0131n\u0131 izlerken &#8216;Eyvah&#8217; dedi, Okan Buruk&#8217;u en \u00e7ok heyecanland\u0131ran transfer&#8221;"},"content":{"rendered":"<p>Galatasaray muhabiri Ali Naci K\u00fc\u00e7\u00fck, Futbol Arena Youtube kanal\u0131nda sar\u0131 k\u0131rm\u0131z\u0131l\u0131lar\u0131n g\u00fcndemini k\u0131ymetlendirdi.<\/p>\n<p><strong>K\u00fc\u00e7\u00fck&#8217;\u00fcn a\u00e7\u0131klamalar\u0131 \u015fu halde:<\/strong><\/p>\n<p><strong>&#8220;OSIMHEN&#8217;\u0130N GOL\u00dc 3 PUANDAN FAZLASINI GET\u0130RD\u0130&#8221;<\/strong><\/p>\n<p>&#8220;Galatasaray k\u0131ymetli bir galibiyet ald\u0131 lakin teknik heyetin \u00f6zele\u015ftiri yapmas\u0131 laz\u0131m. Birinci 45 dakika Galatasaray&#8217;\u0131n isabetli \u015futu yoktu. Birinci yar\u0131 2-0 Rizespor&#8217;un \u00fcst\u00fcnl\u00fc\u011f\u00fcyle bitse \u015fa\u015f\u0131rmazd\u0131m. Net konumlar\u0131 var. Oyun manas\u0131nda d\u00fc\u015f\u00fc\u015f trendi devam ediyor. Lakin Osimhen&#8217;in gol\u00fc 3 puandan fazlas\u0131n\u0131 getirdi.&#8221; <\/p>\n<p><strong>&#8220;FENERBAH\u00c7EL\u0130LER &#8216;EYVAH&#8217; DED\u0130&#8221;<\/strong><\/p>\n<p>&#8220;Osimhen&#8217;in att\u0131\u011f\u0131 gol derbi \u00f6ncesi ruhsal \u00fcst\u00fcnl\u00fc\u011f\u00fcn Fenerbah\u00e7e&#8217;ye ge\u00e7mesini engelledi. Ma\u00e7\u0131 izleyen bir\u00e7ok Galatasarayl\u0131 tedirgindi. Fenerbah\u00e7eliler de ellerini ovu\u015fturarak memnun halde bekliyordu. Fakat o golden sonra Fenerbah\u00e7eliler de &#8216;Eyvah! Bu ma\u00e7ta da puan kaybetmediler&#8217; dedi. Bu t\u00fcrl\u00fc ma\u00e7lar\u0131n ve gollerin \u015fampiyonluk \u00f6yk\u00fcs\u00fcnde \u00e7ok \u00f6zel yeri vard\u0131r.&#8221; <\/p>\n<p><strong>&#8220;ASLINDAN B\u0130RB\u0130R\u0130M\u0130ZDEN FARKIMIZ YOK&#8221;<\/strong><\/p>\n<p>&#8220;A\u011flanacak halimize g\u00fcl\u00fcyoruz. Asl\u0131nda birbirimizden fark\u0131m\u0131z yok. &#8216;Galatasaray, Avrupa&#8217;da T\u00fcrk hakemleri olmad\u0131\u011f\u0131 i\u00e7in ba\u015far\u0131s\u0131z. Ligin sportif ger\u00e7ekli\u011fi yok.&#8217; diyenleri ge\u00e7mi\u015fte g\u00f6t\u00fcrerek bir hat\u0131rlatma yapay\u0131m. Fenerbah\u00e7e 2000\/01 d\u00f6neminde \u015fampiyon oldu. Sonraki sene \u015eampiyonlar Ligi&#8217;nde &#8216;0&#8217; \u00e7ekti. 2004\/05 sezonunda ligde \u015fampiyon oldu. \u015eampiyonlar Ligi&#8217;nde k\u00fcmeden \u00e7\u0131kamad\u0131. UEFA&#8217;da Zaragoza&#8217;ya elendi. Be\u015fikta\u015f, 2008\/09&#8217;da \u015fampiyon oldu. Avrupa&#8217;da Metalist Kharkiv&#8217;e 4-1 yenilerek elendi. O tak\u0131m devam\u0131nda \u015eampiyonlar Ligi&#8217;nde sonuncu oldu. Fenerbah\u00e7e, bug\u00fcn dalga ge\u00e7tikleri Young Boys&#8217;a elendi. Ayk\u0131r\u0131 \u00f6rnek vereyim. Galatasaray 2021\/22&#8217;de ligde 13. oldu. Avrupa Ligi&#8217;nde nama\u011flup k\u00fcmeden \u00f6nder \u00e7\u0131kt\u0131. Fenerbah\u00e7e 2021\/22&#8217;de Avrupa Ligi&#8217;nden Konferans Ligi&#8217;ne d\u00fc\u015ft\u00fc. Orada da Slavia Prag&#8217;a elendi. Velhas\u0131l birbirimizden fark\u0131m\u0131z yok.&#8221;<\/p>\n<p><strong>&#8220;OKAN BURUK&#8217;U EN \u00c7OK HEYECANLANDIRAN TRANSFER&#8221;<\/strong><\/p>\n<p>&#8220;Galatasaray, Frankowski ile y\u0131llar sonra \u00e7ok uygun bir kanat bek transfer etti. Okan hocay\u0131 en \u00e7ok heyecanland\u0131ran transfer ata\u011f\u0131 oldu\u011funu s\u00f6ylemi\u015ftim. Zira idmanda fark yaratm\u0131\u015f. Birinci yar\u0131da Galatasaray ismine kusursuz oynayan tek isimdi. Birinci gol\u00fcn de asistini yapan isim. Galatasaray i\u00e7in \u00e7ok bedelli bir oyuncu olacakt\u0131r.&#8221;  s\u00f6zlerini kulland\u0131.<\/p>\n","protected":false},"excerpt":{"rendered":"<p>Galatasaray&#8217;da AZ Alkmaar ma\u00e7\u0131 haz\u0131rl\u0131klar\u0131 s\u00fcrerken \u00c7aykur Rizespor ma\u00e7\u0131nda al\u0131nan galibiyet moral oldu.<\/p>\n","protected":false},"author":1,"featured_media":4425,"comment_status":"open","ping_status":"open","sticky":false,"template":"","format":"standard","meta":{"footnotes":""},"categories":[1],"tags":[37,47,24,63,72],"class_list":["post-4424","post","type-post","status-publish","format-standard","has-post-thumbnail","hentry","category-galatasaray-haber","tag-bir","tag-fenerbahce","tag-galatasaray","tag-gol","tag-sampiyon"],"_links":{"self":[{"href":"https:\/\/habergalatasaray.tr\/index.php\/wp-json\/wp\/v2\/posts\/4424","targetHints":{"allow":["GET"]}}],"collection":[{"href":"https:\/\/habergalatasaray.tr\/index.php\/wp-json\/wp\/v2\/posts"}],"about":[{"href":"https:\/\/habergalatasaray.tr\/index.php\/wp-json\/wp\/v2\/types\/post"}],"author":[{"embeddable":true,"href":"https:\/\/habergalatasaray.tr\/index.php\/wp-json\/wp\/v2\/users\/1"}],"replies":[{"embeddable":true,"href":"https:\/\/habergalatasaray.tr\/index.php\/wp-json\/wp\/v2\/comments?post=4424"}],"version-history":[{"count":1,"href":"https:\/\/habergalatasaray.tr\/index.php\/wp-json\/wp\/v2\/posts\/4424\/revisions"}],"predecessor-version":[{"id":4426,"href":"https:\/\/habergalatasaray.tr\/index.php\/wp-json\/wp\/v2\/posts\/4424\/revisions\/4426"}],"wp:featuredmedia":[{"embeddable":true,"href":"https:\/\/habergalatasaray.tr\/index.php\/wp-json\/wp\/v2\/media\/4425"}],"wp:attachment":[{"href":"https:\/\/habergalatasaray.tr\/index.php\/wp-json\/wp\/v2\/media?parent=4424"}],"wp:term":[{"taxonomy":"category","embeddable":true,"href":"https:\/\/habergalatasaray.tr\/index.php\/wp-json\/wp\/v2\/categories?post=4424"},{"taxonomy":"post_tag","embeddable":true,"href":"https:\/\/habergalatasaray.tr\/index.php\/wp-json\/wp\/v2\/tags?post=4424"}],"curies":[{"name":"wp","href":"https:\/\/api.w.org\/{rel}","templated":true}]}}