{"id":4427,"date":"2025-02-18T20:00:08","date_gmt":"2025-02-18T20:00:08","guid":{"rendered":"https:\/\/habergalatasaray.tr\/?p=4427"},"modified":"2025-02-18T20:00:08","modified_gmt":"2025-02-18T20:00:08","slug":"burhan-can-terzi-florya-tarafiyla-gorustum-bana-gelen-bilgiye-gore-victor-osimhen","status":"publish","type":"post","link":"https:\/\/habergalatasaray.tr\/index.php\/2025\/02\/18\/burhan-can-terzi-florya-tarafiyla-gorustum-bana-gelen-bilgiye-gore-victor-osimhen\/","title":{"rendered":"Burhan Can Terzi: &#8220;Florya taraf\u0131yla g\u00f6r\u00fc\u015ft\u00fcm, bana gelen bilgiye g\u00f6re Victor Osimhen&#8230;&#8221;"},"content":{"rendered":"<p>Galatasaray muhabiri Burhan Can Terzi, Sportcell Youtube kanal\u0131nda sar\u0131 k\u0131rm\u0131z\u0131l\u0131lar\u0131n g\u00fcndemini k\u0131ymetlendirdi.<\/p>\n<p><strong>Terzi&#8217;nin a\u00e7\u0131klamalar\u0131 \u015fu bi\u00e7imde:<\/strong><\/p>\n<p><strong>&#8220;14 G\u00dcN BOYUNCA M\u00dcSAADE YOK&#8221;<\/strong><\/p>\n<p>&#8220;Galatasaray, 14 g\u00fcn boyunca m\u00fcsaade yapmayacak. Ge\u00e7en haftalardan ders \u00e7\u0131kar\u0131ld\u0131.&#8221;<\/p>\n<p><strong>&#8220;LEMINA Y\u00dcZDE 100 11&#8217;DE&#8221;<\/strong><\/p>\n<p>&#8220;Lemina, Avrupa ma\u00e7\u0131nda olmayaca\u011f\u0131 i\u00e7in bence derbide %100 birinci 11&#8217;de ba\u015flayacak.&#8221;<\/p>\n<p><strong>&#8220;JAKOBS, DERB\u0130DE OLMAZ&#8221;<\/strong><\/p>\n<p>&#8220;Ismail Jakobs&#8217;un derbide oynayaca\u011f\u0131na dair kimse beklentiye girmesin. Eren Elmal\u0131&#8217;n\u0131n oynama ihtimali \u00e7ok y\u00fcksek.&#8221;<\/p>\n<p><strong>&#8220;OSIMHEN \u00c7OK HIRSLIYMI\u015e&#8221;<\/strong><\/p>\n<p>&#8220;Florya taraf\u0131yla g\u00f6r\u00fc\u015ft\u00fcm; &#8216;\u015eu an derbiyi konu\u015fmuyoruz, yaln\u0131zca AZ Alkmaar ma\u00e7\u0131na odakland\u0131k. Osimhen evvelki ma\u00e7ta olmad\u0131\u011f\u0131 i\u00e7in \u00e7ok h\u0131rsl\u0131 ve \u00e7e\u015fidi almak istiyor.&#8217; dediler. Bana gelen bilgiler bu formda.&#8221; tabirlerini kulland\u0131.<\/p>\n","protected":false},"excerpt":{"rendered":"<p>Galatasaray&#8217;da AZ Alkmaar ve Fenerbah\u00e7e derbisi \u00f6ncesi k\u0131ymetli geli\u015fmeler ya\u015fan\u0131yor.<\/p>\n","protected":false},"author":1,"featured_media":4428,"comment_status":"open","ping_status":"open","sticky":false,"template":"","format":"standard","meta":{"footnotes":""},"categories":[1],"tags":[],"class_list":["post-4427","post","type-post","status-publish","format-standard","has-post-thumbnail","hentry","category-galatasaray-haber"],"_links":{"self":[{"href":"https:\/\/habergalatasaray.tr\/index.php\/wp-json\/wp\/v2\/posts\/4427","targetHints":{"allow":["GET"]}}],"collection":[{"href":"https:\/\/habergalatasaray.tr\/index.php\/wp-json\/wp\/v2\/posts"}],"about":[{"href":"https:\/\/habergalatasaray.tr\/index.php\/wp-json\/wp\/v2\/types\/post"}],"author":[{"embeddable":true,"href":"https:\/\/habergalatasaray.tr\/index.php\/wp-json\/wp\/v2\/users\/1"}],"replies":[{"embeddable":true,"href":"https:\/\/habergalatasaray.tr\/index.php\/wp-json\/wp\/v2\/comments?post=4427"}],"version-history":[{"count":1,"href":"https:\/\/habergalatasaray.tr\/index.php\/wp-json\/wp\/v2\/posts\/4427\/revisions"}],"predecessor-version":[{"id":4429,"href":"https:\/\/habergalatasaray.tr\/index.php\/wp-json\/wp\/v2\/posts\/4427\/revisions\/4429"}],"wp:featuredmedia":[{"embeddable":true,"href":"https:\/\/habergalatasaray.tr\/index.php\/wp-json\/wp\/v2\/media\/4428"}],"wp:attachment":[{"href":"https:\/\/habergalatasaray.tr\/index.php\/wp-json\/wp\/v2\/media?parent=4427"}],"wp:term":[{"taxonomy":"category","embeddable":true,"href":"https:\/\/habergalatasaray.tr\/index.php\/wp-json\/wp\/v2\/categories?post=4427"},{"taxonomy":"post_tag","embeddable":true,"href":"https:\/\/habergalatasaray.tr\/index.php\/wp-json\/wp\/v2\/tags?post=4427"}],"curies":[{"name":"wp","href":"https:\/\/api.w.org\/{rel}","templated":true}]}}