{"id":4462,"date":"2025-02-19T00:12:04","date_gmt":"2025-02-19T00:12:04","guid":{"rendered":"https:\/\/habergalatasaray.tr\/?p=4462"},"modified":"2025-02-19T00:12:04","modified_gmt":"2025-02-19T00:12:04","slug":"galatasarayda-yasanan-sakatliklarin-nedenini-duyurdu-boyle-bir-bilgi-aldim-unuttular","status":"publish","type":"post","link":"https:\/\/habergalatasaray.tr\/index.php\/2025\/02\/19\/galatasarayda-yasanan-sakatliklarin-nedenini-duyurdu-boyle-bir-bilgi-aldim-unuttular\/","title":{"rendered":"Galatasaray&#8217;da ya\u015fanan sakatl\u0131klar\u0131n nedenini duyurdu! &#8220;B\u00f6yle bir bilgi ald\u0131m, unuttular&#8221;"},"content":{"rendered":"<p>Vole Youtube kanal\u0131nda Ali Ece, Galatasaray&#8217;\u0131n g\u00fcndemiyle ilgili yorumlarda bulundu.<\/p>\n<p><strong>Ece&#8217;nin a\u00e7\u0131klamalar\u0131 \u015fu bi\u00e7imde:<\/strong><\/p>\n<p><strong>&#8220;LEMINA, L\u0130STEYE YAZILMALIYDI&#8221;<\/strong><\/p>\n<p>&#8220;Mario Lemina, Avrupa listesine mutlaka yaz\u0131lmal\u0131yd\u0131. Hem ata\u011f\u0131 hem de savunmay\u0131 toparlad\u0131. \u00c7a\u011fda\u015f futbolda fizik \u00e7ok k\u0131ymetli. Bu yaln\u0131zca Avrupa&#8217;n\u0131n 5 b\u00fcy\u00fck ligi de\u011fil bizim ligimiz i\u00e7in de ge\u00e7erli. Mario Lemina oyuna taktik de katt\u0131.&#8221;<\/p>\n<p><strong>&#8220;OKAN BURUK FORMSUZ&#8221;<\/strong><\/p>\n<p>&#8220;Okan Buruk&#8217;un son bir ayda ba\u015f\u0131 \u00e7orbaya d\u00f6nd\u00fc. Kimin nerede oynad\u0131\u011f\u0131 a\u015fik\u00e2r de\u011fil. Maalesef Okan hoca formsuz, ge\u00e7en d\u00f6nemlerde bunu s\u00f6ylemezdim fakat \u015fu anki durum bu t\u00fcrl\u00fc.&#8221;<\/p>\n<p><strong>&#8220;FLORYA&#8217;YI UNUTTULAR&#8221;<\/strong><\/p>\n<p>&#8220;Bence Florya yeri muhakkak Eyl\u00fcl, Ekim, Kas\u0131m ay\u0131nda oldu\u011fu kadar futbolcular\u0131 verimli haz\u0131rlam\u0131yor. Bu t\u00fcrl\u00fc bir bilgi ald\u0131m. Herkes ba\u015f\u0131n\u0131 Kemerburgaz Tesisleri&#8217;ne \u00e7evirdi lakin Florya unutuldu. Bu d\u00f6nem ka\u00e7 tane futbolcu sakatland\u0131? Ismail Jakobs hari\u00e7, zira o asl\u0131nda kronik. Fenerbah\u00e7e&#8217;de de bu t\u00fcrl\u00fc bir \u015fey kelam konusuydu, sonra \u00e7imleri de\u011fi\u015ftirdiler.&#8221; tabirlerini kulland\u0131.<\/p>\n<p><strong>Kaynak: habersarikirmizi.com<\/strong><\/p>\n","protected":false},"excerpt":{"rendered":"<p>Galatasaray&#8217;da son haftalarda ya\u015fanan formsuzluk ve sakatl\u0131\u011f\u0131n nedenleri tart\u0131\u015f\u0131l\u0131yor.<\/p>\n","protected":false},"author":1,"featured_media":4463,"comment_status":"open","ping_status":"open","sticky":false,"template":"","format":"standard","meta":{"footnotes":""},"categories":[1],"tags":[],"class_list":["post-4462","post","type-post","status-publish","format-standard","has-post-thumbnail","hentry","category-galatasaray-haber"],"_links":{"self":[{"href":"https:\/\/habergalatasaray.tr\/index.php\/wp-json\/wp\/v2\/posts\/4462","targetHints":{"allow":["GET"]}}],"collection":[{"href":"https:\/\/habergalatasaray.tr\/index.php\/wp-json\/wp\/v2\/posts"}],"about":[{"href":"https:\/\/habergalatasaray.tr\/index.php\/wp-json\/wp\/v2\/types\/post"}],"author":[{"embeddable":true,"href":"https:\/\/habergalatasaray.tr\/index.php\/wp-json\/wp\/v2\/users\/1"}],"replies":[{"embeddable":true,"href":"https:\/\/habergalatasaray.tr\/index.php\/wp-json\/wp\/v2\/comments?post=4462"}],"version-history":[{"count":1,"href":"https:\/\/habergalatasaray.tr\/index.php\/wp-json\/wp\/v2\/posts\/4462\/revisions"}],"predecessor-version":[{"id":4464,"href":"https:\/\/habergalatasaray.tr\/index.php\/wp-json\/wp\/v2\/posts\/4462\/revisions\/4464"}],"wp:featuredmedia":[{"embeddable":true,"href":"https:\/\/habergalatasaray.tr\/index.php\/wp-json\/wp\/v2\/media\/4463"}],"wp:attachment":[{"href":"https:\/\/habergalatasaray.tr\/index.php\/wp-json\/wp\/v2\/media?parent=4462"}],"wp:term":[{"taxonomy":"category","embeddable":true,"href":"https:\/\/habergalatasaray.tr\/index.php\/wp-json\/wp\/v2\/categories?post=4462"},{"taxonomy":"post_tag","embeddable":true,"href":"https:\/\/habergalatasaray.tr\/index.php\/wp-json\/wp\/v2\/tags?post=4462"}],"curies":[{"name":"wp","href":"https:\/\/api.w.org\/{rel}","templated":true}]}}