{"id":4500,"date":"2025-02-19T18:48:06","date_gmt":"2025-02-19T18:48:06","guid":{"rendered":"https:\/\/habergalatasaray.tr\/?p=4500"},"modified":"2025-02-19T18:48:06","modified_gmt":"2025-02-19T18:48:06","slug":"ahmet-cakar-galatasaraya-hak-verdi-bu-iste-bir-pislik-var","status":"publish","type":"post","link":"https:\/\/habergalatasaray.tr\/index.php\/2025\/02\/19\/ahmet-cakar-galatasaraya-hak-verdi-bu-iste-bir-pislik-var\/","title":{"rendered":"Ahmet \u00c7akar, Galatasaray&#8217;a hak verdi! &#8220;Bu i\u015fte bir pislik var&#8221;"},"content":{"rendered":"<p>Galatasaray &#8211; Fenerbah\u00e7e derbisinin yabanc\u0131 hakem taraf\u0131ndan y\u00f6netilece\u011fi a\u00e7\u0131kland\u0131.<\/p>\n<p>Fenerbah\u00e7e cephesinin derbiyi Sloven hakem Slavko Vincic&#8217;in y\u00f6netmesini istedi\u011fi ileri s\u00fcr\u00fcl\u00fcyor.<\/p>\n<p>Ancak Slavko Vincic&#8217;in Acun Il\u0131cal\u0131&#8217;n\u0131n sahibi oldu\u011fu Maribor&#8217;lu olmas\u0131 ve UEFA Ba\u015fkan\u0131 Aleksander Ceferin&#8217;in vatanda\u015f\u0131 olmas\u0131 sebebiyle Galatasaray taraf\u0131ndan istenmiyor.<\/p>\n<p>Sar\u0131 k\u0131rm\u0131zl\u0131 kul\u00fcp, bu talebini direkt olarak TFF&#8217;ye iletti.<\/p>\n<p><img decoding=\"async\" class=\"detayFoto\" src=\"https:\/\/habergalatasaray.tr\/wp-content\/uploads\/2025\/02\/ahmet-cakar-galatasaraya-hak-verdi-bu-iste-bir-pislik-var-0-fKH7QU9O.jpg\"><\/p>\n<p>Futbol yorumcusu Ahmet \u00c7akar da Galatasaray&#8217;a hak verirken olay a\u00e7\u0131klamalarda bulundu.<\/p>\n<p><strong>\u00c7akar&#8217;\u0131n a\u00e7\u0131klamalar\u0131 \u015fu halde:<\/strong><\/p>\n<p><strong>&#8220;AHLAKSIZLIKTIR&#8221;<\/strong><\/p>\n<p>&#8220;Uyu\u015fturucu ve pedofili seks partisinde Bosna polisi taraf\u0131ndan g\u00f6zalt\u0131na al\u0131nm\u0131\u015f ve ard\u0131ndan Balkan ve Orta Avrupa mafya sorunlar\u0131n\u0131 \u00e7\u00f6zen avukat UEFA Ba\u015fkan\u0131 Ceferin taraf\u0131ndan kurtar\u0131lm\u0131\u015f Sloven hakem Vincic\u2019in derbi y\u00f6netmesi ahlaks\u0131zl\u0131kt\u0131r, yetersizliktir ve sevgili karde\u015fim \u0130brahim Hac\u0131osmano\u011flu i\u00e7in b\u00fcy\u00fck bir zuld\u00fcr.&#8221;<\/p>\n<p><strong>&#8220;BU \u0130\u015eTE B\u0130R P\u0130SL\u0130K VAR&#8221;<\/strong><\/p>\n<p>&#8220;Hani d\u00fcnyaya 500 y\u0131l hakim olmu\u015f T\u00fcrk \u00e7ocuklar\u0131 y\u00f6netecekti? Hani sen oldu\u011fun s\u00fcrece yabanc\u0131 hakem gelmeyecekti? Sevmedim bu i\u015fi, bu i\u015fte bir pislik var.&#8221; tabirlerini kulland\u0131.<\/p>\n<p><strong>Kaynak: habersarikirmizi.com<\/strong><\/p>\n","protected":false},"excerpt":{"rendered":"<p>S\u00fcper Lig&#8217;de oynanacak olan Galatasaray &#8211; Fenerbah\u00e7e derbisi \u00f6ncesi tart\u0131\u015fmalara giderek b\u00fcy\u00fcyor.<\/p>\n","protected":false},"author":1,"featured_media":4501,"comment_status":"open","ping_status":"open","sticky":false,"template":"","format":"standard","meta":{"footnotes":""},"categories":[1],"tags":[168],"class_list":["post-4500","post","type-post","status-publish","format-standard","has-post-thumbnail","hentry","category-galatasaray-haber","tag-hak"],"_links":{"self":[{"href":"https:\/\/habergalatasaray.tr\/index.php\/wp-json\/wp\/v2\/posts\/4500","targetHints":{"allow":["GET"]}}],"collection":[{"href":"https:\/\/habergalatasaray.tr\/index.php\/wp-json\/wp\/v2\/posts"}],"about":[{"href":"https:\/\/habergalatasaray.tr\/index.php\/wp-json\/wp\/v2\/types\/post"}],"author":[{"embeddable":true,"href":"https:\/\/habergalatasaray.tr\/index.php\/wp-json\/wp\/v2\/users\/1"}],"replies":[{"embeddable":true,"href":"https:\/\/habergalatasaray.tr\/index.php\/wp-json\/wp\/v2\/comments?post=4500"}],"version-history":[{"count":1,"href":"https:\/\/habergalatasaray.tr\/index.php\/wp-json\/wp\/v2\/posts\/4500\/revisions"}],"predecessor-version":[{"id":4503,"href":"https:\/\/habergalatasaray.tr\/index.php\/wp-json\/wp\/v2\/posts\/4500\/revisions\/4503"}],"wp:featuredmedia":[{"embeddable":true,"href":"https:\/\/habergalatasaray.tr\/index.php\/wp-json\/wp\/v2\/media\/4501"}],"wp:attachment":[{"href":"https:\/\/habergalatasaray.tr\/index.php\/wp-json\/wp\/v2\/media?parent=4500"}],"wp:term":[{"taxonomy":"category","embeddable":true,"href":"https:\/\/habergalatasaray.tr\/index.php\/wp-json\/wp\/v2\/categories?post=4500"},{"taxonomy":"post_tag","embeddable":true,"href":"https:\/\/habergalatasaray.tr\/index.php\/wp-json\/wp\/v2\/tags?post=4500"}],"curies":[{"name":"wp","href":"https:\/\/api.w.org\/{rel}","templated":true}]}}