{"id":4689,"date":"2025-02-23T12:48:06","date_gmt":"2025-02-23T12:48:06","guid":{"rendered":"https:\/\/habergalatasaray.tr\/?p=4689"},"modified":"2025-02-23T12:48:06","modified_gmt":"2025-02-23T12:48:06","slug":"hasan-sas-galatasarayda-fenerbahceye-gitti-saka-gibi-o-kadar-uzuluyorum-ki-adam-2-metre-oldu","status":"publish","type":"post","link":"https:\/\/habergalatasaray.tr\/index.php\/2025\/02\/23\/hasan-sas-galatasarayda-fenerbahceye-gitti-saka-gibi-o-kadar-uzuluyorum-ki-adam-2-metre-oldu\/","title":{"rendered":"Hasan \u015ea\u015f: &#8220;Galatasaray&#8217;da Fenerbah\u00e7e&#8217;ye gitti, \u015faka gibi, o kadar \u00fcz\u00fcl\u00fcyorum ki, adam 2 metre oldu&#8221;"},"content":{"rendered":"<p>Sportz yorumcusu Hasan \u015ea\u015f, Galatasaray ile ilgili yorumlarda bulundu.<\/p>\n<p><strong>\u015ea\u015f&#8217;\u0131n a\u00e7\u0131klamalar\u0131 \u015fu formda:<\/strong><\/p>\n<p><strong>&#8220;LEMINA GRUP \u0130\u00c7\u0130N OYNARSA ONDAN UYGUNU YOK&#8221;<\/strong><\/p>\n<p>&#8220;Lemina \u00e7al\u0131\u015f\u0131rsa tad\u0131ndan yenmez. Lemina bazen konsantre olmada kah\u0131rlar ya\u015f\u0131yor. Lemina ekibi i\u00e7in oynarsa, kadroyla b\u00fct\u00fcnle\u015firse ondan yeterli orta saha oyuncusu  yok. Torreira falan k\u0131ssa.&#8221;<\/p>\n<p>Hasan \u015ea\u015f, Fenerbah\u00e7e formas\u0131 giyen gen\u00e7 stoper Yusuf Ak\u00e7i\u00e7ek ile ilgili ise sar\u0131 k\u0131rm\u0131z\u0131l\u0131 kul\u00fcb\u00fc ele\u015ftirdi.<\/p>\n<p><strong>&#8220;\u015eAKA \u00dcZERE, O KADAR \u00dcZ\u00dcL\u00dcYORUM K\u0130&#8230;&#8221;<\/strong><\/p>\n<p>&#8220;Yusuf Ak\u00e7i\u00e7ek, Fenerbah\u00e7e&#8217;ye Galatasaray altyap\u0131s\u0131ndan gitti. Latife \u00fczere, o kadar \u00fcz\u00fcl\u00fcyorum ki&#8230; Galatasaray&#8217;da fizik\u00ee durumu yetersiz oldu\u011fu i\u00e7in g\u00f6nderildi, adam 2 metre oldu. Altyap\u0131ya bir tertip gerekli. Yaln\u0131zca bu olay de\u011fil, bin tane olay var.&#8221; s\u00f6zlerini kulland\u0131.<\/p>\n<p><img decoding=\"async\" class=\"detayFoto\" src=\"https:\/\/habergalatasaray.tr\/wp-content\/uploads\/2025\/02\/hasan-sas-galatasarayda-fenerbahceye-gitti-saka-gibi-o-kadar-uzuluyorum-ki-adam-2-metre-aldgLT6Z.jpg\"><\/p>\n<p><strong>Kaynak: habersarikirmizi.com<\/strong><\/p>\n","protected":false},"excerpt":{"rendered":"<p>Galatasaray&#8217;da Fenerbah\u00e7e derbisi \u00f6ncesi kimi hususlar g\u00fcndeme geliyor.<\/p>\n","protected":false},"author":1,"featured_media":4690,"comment_status":"open","ping_status":"open","sticky":false,"template":"","format":"standard","meta":{"footnotes":""},"categories":[1],"tags":[],"class_list":["post-4689","post","type-post","status-publish","format-standard","has-post-thumbnail","hentry","category-galatasaray-haber"],"_links":{"self":[{"href":"https:\/\/habergalatasaray.tr\/index.php\/wp-json\/wp\/v2\/posts\/4689","targetHints":{"allow":["GET"]}}],"collection":[{"href":"https:\/\/habergalatasaray.tr\/index.php\/wp-json\/wp\/v2\/posts"}],"about":[{"href":"https:\/\/habergalatasaray.tr\/index.php\/wp-json\/wp\/v2\/types\/post"}],"author":[{"embeddable":true,"href":"https:\/\/habergalatasaray.tr\/index.php\/wp-json\/wp\/v2\/users\/1"}],"replies":[{"embeddable":true,"href":"https:\/\/habergalatasaray.tr\/index.php\/wp-json\/wp\/v2\/comments?post=4689"}],"version-history":[{"count":1,"href":"https:\/\/habergalatasaray.tr\/index.php\/wp-json\/wp\/v2\/posts\/4689\/revisions"}],"predecessor-version":[{"id":4692,"href":"https:\/\/habergalatasaray.tr\/index.php\/wp-json\/wp\/v2\/posts\/4689\/revisions\/4692"}],"wp:featuredmedia":[{"embeddable":true,"href":"https:\/\/habergalatasaray.tr\/index.php\/wp-json\/wp\/v2\/media\/4690"}],"wp:attachment":[{"href":"https:\/\/habergalatasaray.tr\/index.php\/wp-json\/wp\/v2\/media?parent=4689"}],"wp:term":[{"taxonomy":"category","embeddable":true,"href":"https:\/\/habergalatasaray.tr\/index.php\/wp-json\/wp\/v2\/categories?post=4689"},{"taxonomy":"post_tag","embeddable":true,"href":"https:\/\/habergalatasaray.tr\/index.php\/wp-json\/wp\/v2\/tags?post=4689"}],"curies":[{"name":"wp","href":"https:\/\/api.w.org\/{rel}","templated":true}]}}