{"id":4706,"date":"2025-02-23T19:12:13","date_gmt":"2025-02-23T19:12:13","guid":{"rendered":"https:\/\/habergalatasaray.tr\/?p=4706"},"modified":"2025-02-23T19:12:13","modified_gmt":"2025-02-23T19:12:13","slug":"mario-jardelden-galatasaray-fenerbahce-derbisi-skor-tahmini","status":"publish","type":"post","link":"https:\/\/habergalatasaray.tr\/index.php\/2025\/02\/23\/mario-jardelden-galatasaray-fenerbahce-derbisi-skor-tahmini\/","title":{"rendered":"Mario Jardel&#8217;den Galatasaray &#8211; Fenerbah\u00e7e derbisi skor tahmini"},"content":{"rendered":"<p>Galatasaray &#8211; Fenerbah\u00e7e derbisine saatler kala heyecan giderek art\u0131yor.<\/p>\n<p><strong>\u015eAMP\u0130YONU BEL\u0130RLEYEB\u0130L\u0130R<\/strong><\/p>\n<p>\u015eampiyonluk yolunda kilit rol oynayacak olan dev derbinin sonucu merak ediliyor.<\/p>\n<p><strong>MARIO JARDEL&#8217;\u0130N GALATASARAY&#8217;A \u0130NANCI TAM<\/strong><\/p>\n<p>Galatasaray&#8217;\u0131n eski golc\u00fcs\u00fc Mario Jardel, derbiyle ilgili skor varsay\u0131m\u0131nda bulundu.<\/p>\n<p><strong>Jardel&#8217;in a\u00e7\u0131klalamalar\u0131 \u015fu bi\u00e7imde:<\/strong><\/p>\n<p><strong>&#8220;BEN\u0130M \u0130DD\u0130AM 3-1&#8221;<\/strong><\/p>\n<p>&#8220;Fenerbah\u00e7e&#8217;ye kar\u015f\u0131 Galatasaray&#8217;a uygun talihler diliyorum. Benim iddiam 3-1 Galatasaray kazanacak.&#8221; tabirlerini kulland\u0131.<\/p>\n<p><img decoding=\"async\" class=\"detayFoto\" src=\"https:\/\/habergalatasaray.tr\/wp-content\/uploads\/2025\/02\/mario-jardelden-galatasaray-fenerbahce-derbisi-skor-tahmini-0-2GL5daVy.jpg\"><\/p>\n<p><strong>Kaynak: habersarikirmizi.com<\/strong><\/p>\n","protected":false},"excerpt":{"rendered":"<p>T\u00fcrkiye&#8217;de nefesler tutuldu, g\u00f6zler Galatasaray &#8211; Fenerbah\u00e7e derbisine \u00e7evrildi.<\/p>\n","protected":false},"author":1,"featured_media":4707,"comment_status":"open","ping_status":"open","sticky":false,"template":"","format":"standard","meta":{"footnotes":""},"categories":[1],"tags":[],"class_list":["post-4706","post","type-post","status-publish","format-standard","has-post-thumbnail","hentry","category-galatasaray-haber"],"_links":{"self":[{"href":"https:\/\/habergalatasaray.tr\/index.php\/wp-json\/wp\/v2\/posts\/4706","targetHints":{"allow":["GET"]}}],"collection":[{"href":"https:\/\/habergalatasaray.tr\/index.php\/wp-json\/wp\/v2\/posts"}],"about":[{"href":"https:\/\/habergalatasaray.tr\/index.php\/wp-json\/wp\/v2\/types\/post"}],"author":[{"embeddable":true,"href":"https:\/\/habergalatasaray.tr\/index.php\/wp-json\/wp\/v2\/users\/1"}],"replies":[{"embeddable":true,"href":"https:\/\/habergalatasaray.tr\/index.php\/wp-json\/wp\/v2\/comments?post=4706"}],"version-history":[{"count":1,"href":"https:\/\/habergalatasaray.tr\/index.php\/wp-json\/wp\/v2\/posts\/4706\/revisions"}],"predecessor-version":[{"id":4709,"href":"https:\/\/habergalatasaray.tr\/index.php\/wp-json\/wp\/v2\/posts\/4706\/revisions\/4709"}],"wp:featuredmedia":[{"embeddable":true,"href":"https:\/\/habergalatasaray.tr\/index.php\/wp-json\/wp\/v2\/media\/4707"}],"wp:attachment":[{"href":"https:\/\/habergalatasaray.tr\/index.php\/wp-json\/wp\/v2\/media?parent=4706"}],"wp:term":[{"taxonomy":"category","embeddable":true,"href":"https:\/\/habergalatasaray.tr\/index.php\/wp-json\/wp\/v2\/categories?post=4706"},{"taxonomy":"post_tag","embeddable":true,"href":"https:\/\/habergalatasaray.tr\/index.php\/wp-json\/wp\/v2\/tags?post=4706"}],"curies":[{"name":"wp","href":"https:\/\/api.w.org\/{rel}","templated":true}]}}