{"id":4764,"date":"2025-02-24T17:36:08","date_gmt":"2025-02-24T17:36:08","guid":{"rendered":"https:\/\/habergalatasaray.tr\/?p=4764"},"modified":"2025-02-24T17:36:08","modified_gmt":"2025-02-24T17:36:08","slug":"galatasaray-fenerbahce-derbisinde-sok-eden-goruntu","status":"publish","type":"post","link":"https:\/\/habergalatasaray.tr\/index.php\/2025\/02\/24\/galatasaray-fenerbahce-derbisinde-sok-eden-goruntu\/","title":{"rendered":"Galatasaray &#8211; Fenerbah\u00e7e derbisinde \u015fok eden g\u00f6r\u00fcnt\u00fc"},"content":{"rendered":"<p>Galatasaray &#8211; Fenerbah\u00e7e derbisi \u00f6ncesi dikkat \u00e7eken imajlar ortaya \u00e7\u0131kt\u0131.<\/p>\n<p><strong>TAR\u0130HTE G\u00d6R\u00dcLMEM\u0130\u015e G\u00dcVENL\u0130K \u00d6NLEM\u0130<\/strong><\/p>\n<p>Galatasaray &#8211; Fenerbah\u00e7e derbisi \u00f6ncesi tarihte g\u00f6r\u00fclmemi\u015f g\u00fcvenlik tedbiri al\u0131nd\u0131.<\/p>\n<p><strong>TR\u0130B\u00dcNLER\u0130N \u00d6N\u00dc B\u00dcSB\u00dcT\u00dcN KAPATILDI<\/strong><\/p>\n<p>Saha etraf\u0131nda binlerce g\u00fcvenlik vazifelisi trib\u00fcnlerin \u00f6n\u00fcnde yer ald\u0131.<\/p>\n<p><img decoding=\"async\" class=\"detayFoto\" src=\"https:\/\/habergalatasaray.tr\/wp-content\/uploads\/2025\/02\/galatasaray-fenerbahce-derbisinde-sok-eden-goruntu-0-CkBGXFmh.jpg\"><\/p>\n<p><strong>STAT ETRAFINDA DE TEDB\u0130RLER YO&#286;UN<\/strong><\/p>\n<p>Stat etraf\u0131nda de tedbirler birebir bi\u00e7imde al\u0131n\u0131rken 20 bin civar\u0131ndan g\u00fcvenlik g\u00f6revlisinin bulundu\u011fu belirtildi.<\/p>\n","protected":false},"excerpt":{"rendered":"<p>Galatasaray &#8211; Fenerbah\u00e7e derbisi inan\u0131lmaz imajlara neden oldu..<\/p>\n","protected":false},"author":1,"featured_media":4765,"comment_status":"open","ping_status":"open","sticky":false,"template":"","format":"standard","meta":{"footnotes":""},"categories":[1],"tags":[],"class_list":["post-4764","post","type-post","status-publish","format-standard","has-post-thumbnail","hentry","category-galatasaray-haber"],"_links":{"self":[{"href":"https:\/\/habergalatasaray.tr\/index.php\/wp-json\/wp\/v2\/posts\/4764","targetHints":{"allow":["GET"]}}],"collection":[{"href":"https:\/\/habergalatasaray.tr\/index.php\/wp-json\/wp\/v2\/posts"}],"about":[{"href":"https:\/\/habergalatasaray.tr\/index.php\/wp-json\/wp\/v2\/types\/post"}],"author":[{"embeddable":true,"href":"https:\/\/habergalatasaray.tr\/index.php\/wp-json\/wp\/v2\/users\/1"}],"replies":[{"embeddable":true,"href":"https:\/\/habergalatasaray.tr\/index.php\/wp-json\/wp\/v2\/comments?post=4764"}],"version-history":[{"count":1,"href":"https:\/\/habergalatasaray.tr\/index.php\/wp-json\/wp\/v2\/posts\/4764\/revisions"}],"predecessor-version":[{"id":4767,"href":"https:\/\/habergalatasaray.tr\/index.php\/wp-json\/wp\/v2\/posts\/4764\/revisions\/4767"}],"wp:featuredmedia":[{"embeddable":true,"href":"https:\/\/habergalatasaray.tr\/index.php\/wp-json\/wp\/v2\/media\/4765"}],"wp:attachment":[{"href":"https:\/\/habergalatasaray.tr\/index.php\/wp-json\/wp\/v2\/media?parent=4764"}],"wp:term":[{"taxonomy":"category","embeddable":true,"href":"https:\/\/habergalatasaray.tr\/index.php\/wp-json\/wp\/v2\/categories?post=4764"},{"taxonomy":"post_tag","embeddable":true,"href":"https:\/\/habergalatasaray.tr\/index.php\/wp-json\/wp\/v2\/tags?post=4764"}],"curies":[{"name":"wp","href":"https:\/\/api.w.org\/{rel}","templated":true}]}}