{"id":4791,"date":"2025-02-24T22:48:09","date_gmt":"2025-02-24T22:48:09","guid":{"rendered":"https:\/\/habergalatasaray.tr\/?p=4791"},"modified":"2025-02-24T22:48:09","modified_gmt":"2025-02-24T22:48:09","slug":"fenerbahce-galatasaray-stadindan-kapali-kutu-cikardi-icindeki-herkesi-guldurdu","status":"publish","type":"post","link":"https:\/\/habergalatasaray.tr\/index.php\/2025\/02\/24\/fenerbahce-galatasaray-stadindan-kapali-kutu-cikardi-icindeki-herkesi-guldurdu\/","title":{"rendered":"Fenerbah\u00e7e, Galatasaray stad\u0131ndan kapal\u0131 kutu \u00e7\u0131kard\u0131! \u0130\u00e7indeki herkesi g\u00fcld\u00fcrd\u00fc!"},"content":{"rendered":"<p>Galatasaray &#8211; Fenerbah\u00e7e derbisi sonras\u0131 enteresan ayr\u0131nt\u0131lar ortaya \u00e7\u0131k\u0131yor.<\/p>\n<p>Fenerbah\u00e7e, Galatasaray&#8217;dan alaca\u011f\u0131 derbi galibiyeti \u00fczerine haz\u0131rl\u0131klar yaparken i\u015fler istedikleri gitmedi.<\/p>\n<p><strong>HEVESLER\u0130 KURSAKLARINDA KALDI<\/strong><\/p>\n<p>Derbinin gols\u00fcz berabere sona ermesi sar\u0131 lacivertlilerin hevesini kursa\u011f\u0131nda b\u0131rakt\u0131.<\/p>\n<p><strong>GALB\u0130YET PASTASI GER\u0130 G\u0130TT\u0130<\/strong><\/p>\n<p>Galatasaray muhabiri Yakup \u00c7\u0131nar&#8217;\u0131n haberine nazaran; Fenerbah\u00e7e, galibiyet kutlamas\u0131 i\u00e7in getirdi\u011fi pastay\u0131 kapal\u0131 kutuda geri g\u00f6t\u00fcrd\u00fc.<\/p>\n<p><strong>KAMERALARA YANSIDI<\/strong><\/p>\n<p>O anlar kameralara yans\u0131rken sar\u0131 k\u0131rm\u0131z\u0131l\u0131 taraftar ise b\u00fcy\u00fck keyif ya\u015fad\u0131.<\/p>\n<p><img decoding=\"async\" class=\"detayFoto\" src=\"https:\/\/habergalatasaray.tr\/wp-content\/uploads\/2025\/02\/fenerbahce-galatasaray-stadindan-kapali-kutu-cikardi-icindeki-herkesi-guldurdu-0-B8K9dpNh.jpg\"><\/p>\n","protected":false},"excerpt":{"rendered":"<p>S\u00fcper Lig&#8217;de d\u00f6nemin derbisinde kazanan \u00e7\u0131kmazken Galatasaray ile Fenerbah\u00e7e puanlar\u0131 payla\u015ft\u0131.<\/p>\n","protected":false},"author":1,"featured_media":4792,"comment_status":"open","ping_status":"open","sticky":false,"template":"","format":"standard","meta":{"footnotes":""},"categories":[1],"tags":[],"class_list":["post-4791","post","type-post","status-publish","format-standard","has-post-thumbnail","hentry","category-galatasaray-haber"],"_links":{"self":[{"href":"https:\/\/habergalatasaray.tr\/index.php\/wp-json\/wp\/v2\/posts\/4791","targetHints":{"allow":["GET"]}}],"collection":[{"href":"https:\/\/habergalatasaray.tr\/index.php\/wp-json\/wp\/v2\/posts"}],"about":[{"href":"https:\/\/habergalatasaray.tr\/index.php\/wp-json\/wp\/v2\/types\/post"}],"author":[{"embeddable":true,"href":"https:\/\/habergalatasaray.tr\/index.php\/wp-json\/wp\/v2\/users\/1"}],"replies":[{"embeddable":true,"href":"https:\/\/habergalatasaray.tr\/index.php\/wp-json\/wp\/v2\/comments?post=4791"}],"version-history":[{"count":1,"href":"https:\/\/habergalatasaray.tr\/index.php\/wp-json\/wp\/v2\/posts\/4791\/revisions"}],"predecessor-version":[{"id":4794,"href":"https:\/\/habergalatasaray.tr\/index.php\/wp-json\/wp\/v2\/posts\/4791\/revisions\/4794"}],"wp:featuredmedia":[{"embeddable":true,"href":"https:\/\/habergalatasaray.tr\/index.php\/wp-json\/wp\/v2\/media\/4792"}],"wp:attachment":[{"href":"https:\/\/habergalatasaray.tr\/index.php\/wp-json\/wp\/v2\/media?parent=4791"}],"wp:term":[{"taxonomy":"category","embeddable":true,"href":"https:\/\/habergalatasaray.tr\/index.php\/wp-json\/wp\/v2\/categories?post=4791"},{"taxonomy":"post_tag","embeddable":true,"href":"https:\/\/habergalatasaray.tr\/index.php\/wp-json\/wp\/v2\/tags?post=4791"}],"curies":[{"name":"wp","href":"https:\/\/api.w.org\/{rel}","templated":true}]}}