{"id":4819,"date":"2025-02-25T12:24:06","date_gmt":"2025-02-25T12:24:06","guid":{"rendered":"https:\/\/habergalatasaray.tr\/?p=4819"},"modified":"2025-02-25T12:24:06","modified_gmt":"2025-02-25T12:24:06","slug":"mert-hakan-yandastan-osimhene-skandal-hareket-cinsel-organini-gosterdi","status":"publish","type":"post","link":"https:\/\/habergalatasaray.tr\/index.php\/2025\/02\/25\/mert-hakan-yandastan-osimhene-skandal-hareket-cinsel-organini-gosterdi\/","title":{"rendered":"Mert Hakan Yanda\u015f&#8217;tan Osimhen&#8217;e skandal hareket! Cinsel organ\u0131n\u0131 g\u00f6sterdi!"},"content":{"rendered":"<p>Galatasaray &#8211; Fenerbah\u00e7e derbisiyle ilgili skandal manzaralar ortaya \u00e7\u0131kmaya devam ediyor.<\/p>\n<p>Jose Mourinho&#8217;nun hakem odas\u0131na gitmesi, sar\u0131 k\u0131rm\u0131z\u0131l\u0131larla ilgili \u0131rk\u00e7\u0131 s\u00f6zleri sonras\u0131 Acun Il\u0131cal\u0131&#8217;n\u0131n takviye olmas\u0131 reaksiyon al\u0131rken bir olay daha g\u00f6r\u00fcnt\u00fclendi.<\/p>\n<p><strong>MERT HAKAN, OSIMHEN&#8217;\u0130 TAHR\u0130K ETT\u0130<\/strong><\/p>\n<p>Mert Hakan Yanda\u015f&#8217;\u0131n yedek kul\u00fcbesinde Victor Osimhen&#8217;i tahrik etti\u011fi imajlar reaksiyon \u00e7ekti.<\/p>\n<p><img decoding=\"async\" class=\"detayFoto\" src=\"https:\/\/habergalatasaray.tr\/wp-content\/uploads\/2025\/02\/mert-hakan-yandastan-osimhene-skandal-hareket-cinsel-organini-gosterdi-0-Qz2XnXHD.jpg\"><\/p>\n<p><strong>C\u0130NSEL ORGANINI G\u00d6STERD\u0130<\/strong><\/p>\n<p>Galatasarayl\u0131 y\u0131ld\u0131z\u0131 \u00fczerine \u00e7ekmeye \u00e7al\u0131\u015fan rakip futbolcu, birebir vakitte Victor Osimhen&#8217;e cinsel organ\u0131n\u0131 g\u00f6sterdi\u011fi ortaya \u00e7\u0131kt\u0131.<\/p>\n<p><img decoding=\"async\" class=\"detayFoto\" src=\"https:\/\/habergalatasaray.tr\/wp-content\/uploads\/2025\/02\/mert-hakan-yandastan-osimhene-skandal-hareket-cinsel-organini-gosterdi-1-OHGk7xuH.jpg\"><\/p>\n<p><strong>TR\u0130B\u00dcN MANZARALARINDAN ORTAYA \u00c7IKTI<\/strong><\/p>\n<p>Rezil hareketlerin imajlar\u0131 ise trib\u00fcnden \u00e7ekilen kay\u0131tlardan ortaya \u00e7\u0131kt\u0131.<\/p>\n<p><strong>G\u00d6ZLER PFDK&#8217;DA<\/strong><\/p>\n<p>PFDK&#8217;n\u0131n bu hareket sonras\u0131 verece\u011fi karar bekleniyor.<\/p>\n","protected":false},"excerpt":{"rendered":"<p>Fenerbah\u00e7e cephesinin Rams Park&#8217;ta yapt\u0131\u011f\u0131 t\u00fcm skandal imajlar ortaya \u00e7\u0131k\u0131yor.<\/p>\n","protected":false},"author":1,"featured_media":4820,"comment_status":"open","ping_status":"open","sticky":false,"template":"","format":"standard","meta":{"footnotes":""},"categories":[1],"tags":[],"class_list":["post-4819","post","type-post","status-publish","format-standard","has-post-thumbnail","hentry","category-galatasaray-haber"],"_links":{"self":[{"href":"https:\/\/habergalatasaray.tr\/index.php\/wp-json\/wp\/v2\/posts\/4819","targetHints":{"allow":["GET"]}}],"collection":[{"href":"https:\/\/habergalatasaray.tr\/index.php\/wp-json\/wp\/v2\/posts"}],"about":[{"href":"https:\/\/habergalatasaray.tr\/index.php\/wp-json\/wp\/v2\/types\/post"}],"author":[{"embeddable":true,"href":"https:\/\/habergalatasaray.tr\/index.php\/wp-json\/wp\/v2\/users\/1"}],"replies":[{"embeddable":true,"href":"https:\/\/habergalatasaray.tr\/index.php\/wp-json\/wp\/v2\/comments?post=4819"}],"version-history":[{"count":1,"href":"https:\/\/habergalatasaray.tr\/index.php\/wp-json\/wp\/v2\/posts\/4819\/revisions"}],"predecessor-version":[{"id":4823,"href":"https:\/\/habergalatasaray.tr\/index.php\/wp-json\/wp\/v2\/posts\/4819\/revisions\/4823"}],"wp:featuredmedia":[{"embeddable":true,"href":"https:\/\/habergalatasaray.tr\/index.php\/wp-json\/wp\/v2\/media\/4820"}],"wp:attachment":[{"href":"https:\/\/habergalatasaray.tr\/index.php\/wp-json\/wp\/v2\/media?parent=4819"}],"wp:term":[{"taxonomy":"category","embeddable":true,"href":"https:\/\/habergalatasaray.tr\/index.php\/wp-json\/wp\/v2\/categories?post=4819"},{"taxonomy":"post_tag","embeddable":true,"href":"https:\/\/habergalatasaray.tr\/index.php\/wp-json\/wp\/v2\/tags?post=4819"}],"curies":[{"name":"wp","href":"https:\/\/api.w.org\/{rel}","templated":true}]}}