{"id":4899,"date":"2025-02-26T16:24:06","date_gmt":"2025-02-26T16:24:06","guid":{"rendered":"https:\/\/habergalatasaray.tr\/?p=4899"},"modified":"2025-02-26T16:24:06","modified_gmt":"2025-02-26T16:24:06","slug":"drogbanin-jose-mourinho-paylasimi-olay-oldu-baskasi-tarafindan-hazirlanmis","status":"publish","type":"post","link":"https:\/\/habergalatasaray.tr\/index.php\/2025\/02\/26\/drogbanin-jose-mourinho-paylasimi-olay-oldu-baskasi-tarafindan-hazirlanmis\/","title":{"rendered":"Drogba&#8217;n\u0131n Jose Mourinho payla\u015f\u0131m\u0131 olay oldu! Ba\u015fkas\u0131 taraf\u0131ndan haz\u0131rlanm\u0131\u015f!"},"content":{"rendered":"<p>Galatasaray&#8217;\u0131n eski y\u0131ld\u0131z\u0131 Didier Drogba, Jose Mourinho ile ilgili \u0131rk\u00e7\u0131l\u0131k tart\u0131\u015fmalar\u0131na dahil oldu.<\/p>\n<p>Drogba&#8217;n\u0131n Jose Mourinho&#8217;yu savunmas\u0131 sar\u0131 k\u0131rm\u0131z\u0131l\u0131 taraftarlar\u0131n reaksiyonunu de ald\u0131.<\/p>\n<p><strong>\u0130\u015fte yapt\u0131\u011f\u0131 a\u00e7\u0131klamalar:<\/strong><\/p>\n<p>Sar\u0131-k\u0131rm\u0131z\u0131 formay\u0131 giydi\u011fim i\u00e7in ne kadar gurur duydu\u011fumu ve T\u00fcrkiye\u2019nin en ba\u015far\u0131l\u0131 kul\u00fcb\u00fcne olan sevgimi biliyorsunuz. Derbilerin ne kadar ate\u015fli ve tutkulu oldu\u011funu hepimiz biliyoruz, bunu deneyimleyebilecek kadar da \u015fansl\u0131yd\u0131m. Jose Mourinho ile ilgili yap\u0131lan yorumlar\u0131 g\u00f6rd\u00fcm. Jose&#8217;yi y\u0131llard\u0131r tan\u0131d\u0131\u011f\u0131m\u0131 ve onun \u0131rk\u00e7\u0131 olmad\u0131\u011f\u0131n\u0131 ve bunu tekraren kan\u0131tlad\u0131\u011f\u0131n\u0131 s\u00f6z edip bana g\u00fcvenmenizi istiyorum. Ma\u00e7lar\u0131m\u0131za odaklanal\u0131m, aslanlar\u0131m\u0131z\u0131 destekleyelim ve \u015fampiyon olup 5. y\u0131ld\u0131z\u0131 takal\u0131m. Benim &#8220;Babam&#8221; nas\u0131l \u0131rk\u00e7\u0131 olabilir?&#8221; ifadelreini kulland\u0131.<\/p>\n<p><img decoding=\"async\" class=\"detayFoto\" src=\"https:\/\/habergalatasaray.tr\/wp-content\/uploads\/2025\/02\/drogbanin-jose-mourinho-paylasimi-olay-oldu-baskasi-tarafindan-hazirlanmis-0-MbROA53I.jpg\"><\/p>\n<p><strong>PAYLA\u015eIMINI D\u00dcZENLED\u0130<\/strong><\/p>\n<p>Drogba, eski hocas\u0131 i\u00e7in savunma yaparken payla\u015f\u0131m\u0131n\u0131n di\u011ferleri taraf\u0131ndan haz\u0131rland\u0131\u011f\u0131 da ortaya \u00e7\u0131kt\u0131.<\/p>\n<p>Fildi\u015fili ismin kendisine g\u00f6nderiken yaz\u0131y\u0131 direkt payla\u015ft\u0131ktan sonra d\u00fczeltme yapt\u0131\u011f\u0131 ortaya \u00e7\u0131kt\u0131.<\/p>\n<p>Drogba, &#8220;xx years&#8221; k\u0131sm\u0131n\u0131 &#8220;25 years&#8221; olarak d\u00fczeltti.<\/p>\n<p><img decoding=\"async\" class=\"detayFoto\" src=\"https:\/\/habergalatasaray.tr\/wp-content\/uploads\/2025\/02\/drogbanin-jose-mourinho-paylasimi-olay-oldu-baskasi-tarafindan-hazirlanmis-1-MBZPEtU1.jpg\"><\/p>\n","protected":false},"excerpt":{"rendered":"<p>Fenerbah\u00e7e Teknik Y\u00f6neticisi Jose Mourinho&#8217;nun Galatasaray ile ilgili s\u00f6yledi\u011fi &#8220;Maymun gibi z\u0131pl\u0131yorlard\u0131&#8221; s\u00f6zleri tart\u0131\u015f\u0131l\u0131yor.<\/p>\n","protected":false},"author":1,"featured_media":4900,"comment_status":"open","ping_status":"open","sticky":false,"template":"","format":"standard","meta":{"footnotes":""},"categories":[1],"tags":[],"class_list":["post-4899","post","type-post","status-publish","format-standard","has-post-thumbnail","hentry","category-galatasaray-haber"],"_links":{"self":[{"href":"https:\/\/habergalatasaray.tr\/index.php\/wp-json\/wp\/v2\/posts\/4899","targetHints":{"allow":["GET"]}}],"collection":[{"href":"https:\/\/habergalatasaray.tr\/index.php\/wp-json\/wp\/v2\/posts"}],"about":[{"href":"https:\/\/habergalatasaray.tr\/index.php\/wp-json\/wp\/v2\/types\/post"}],"author":[{"embeddable":true,"href":"https:\/\/habergalatasaray.tr\/index.php\/wp-json\/wp\/v2\/users\/1"}],"replies":[{"embeddable":true,"href":"https:\/\/habergalatasaray.tr\/index.php\/wp-json\/wp\/v2\/comments?post=4899"}],"version-history":[{"count":1,"href":"https:\/\/habergalatasaray.tr\/index.php\/wp-json\/wp\/v2\/posts\/4899\/revisions"}],"predecessor-version":[{"id":4903,"href":"https:\/\/habergalatasaray.tr\/index.php\/wp-json\/wp\/v2\/posts\/4899\/revisions\/4903"}],"wp:featuredmedia":[{"embeddable":true,"href":"https:\/\/habergalatasaray.tr\/index.php\/wp-json\/wp\/v2\/media\/4900"}],"wp:attachment":[{"href":"https:\/\/habergalatasaray.tr\/index.php\/wp-json\/wp\/v2\/media?parent=4899"}],"wp:term":[{"taxonomy":"category","embeddable":true,"href":"https:\/\/habergalatasaray.tr\/index.php\/wp-json\/wp\/v2\/categories?post=4899"},{"taxonomy":"post_tag","embeddable":true,"href":"https:\/\/habergalatasaray.tr\/index.php\/wp-json\/wp\/v2\/tags?post=4899"}],"curies":[{"name":"wp","href":"https:\/\/api.w.org\/{rel}","templated":true}]}}