{"id":5049,"date":"2025-03-02T10:48:05","date_gmt":"2025-03-02T10:48:05","guid":{"rendered":"https:\/\/habergalatasaray.tr\/?p=5049"},"modified":"2025-03-02T10:48:05","modified_gmt":"2025-03-02T10:48:05","slug":"umit-karan-galatasarayda-hicbir-basarisi-yok-3-kati-fazla-maas-almistir-un-ve-sohretini-kaybetti-depresyona-girdi","status":"publish","type":"post","link":"https:\/\/habergalatasaray.tr\/index.php\/2025\/03\/02\/umit-karan-galatasarayda-hicbir-basarisi-yok-3-kati-fazla-maas-almistir-un-ve-sohretini-kaybetti-depresyona-girdi\/","title":{"rendered":"\u00dcmit Karan: &#8220;Galatasaray&#8217;da hi\u00e7bir ba\u015far\u0131s\u0131 yok, 3 kat\u0131 fazla maa\u015f alm\u0131\u015ft\u0131r, \u00fcn ve \u015f\u00f6hretini kaybetti, depresyona girdi&#8221;"},"content":{"rendered":"<p>Ryan Babel&#8217;in Galatasaray&#8217;la ilgili ge\u00e7ti\u011fimiz g\u00fcnlerde yapt\u0131\u011f\u0131 a\u00e7\u0131klama g\u00fcndem olmu\u015ftu.<\/p>\n<p>TV100 yorumcusu \u00dcmit Karan, Ryan Babel&#8217;in kelamlar\u0131yla ilgili tenkitlerde bulundu.<\/p>\n<p><strong>Karan&#8217;\u0131n a\u00e7\u0131klamalar\u0131 \u015fu bi\u00e7imde:<\/strong><\/p>\n<p><strong>&#8220;BENDEN 3 KATI FAZLA MAA\u015e ALMI\u015eTIR&#8221;<\/strong><\/p>\n<p>&#8220;Galatasaray&#8217;da hi\u00e7bir ba\u015far\u0131s\u0131 yok. Ona kar\u015f\u0131n benden 3 kat\u0131 fazla maa\u015f alm\u0131\u015ft\u0131r. Buradaki hakem s\u0131k\u0131nt\u0131lar\u0131n\u0131 \u00e7\u00f6zmek istiyorsa yorumu varsa gelsin konu\u015fsun. Oturdu\u011fu yerden sallamakla olmuyor.&#8221;<\/p>\n<p><strong>&#8220;DEPRESYONA G\u0130RD\u0130&#8221;<\/strong><\/p>\n<p>&#8220;Bu adam\u0131 \u00fclkesinde kimse tan\u0131m\u0131yor. Sokakta y\u00fcr\u00fcse kimse d\u00f6n\u00fcp selam bile vermez. Burada pa\u015fa \u00fczere ya\u015f\u0131yordu. Klipler \u00e7ekti, m\u00fczikler s\u00f6yledi. \u00dcn ve \u015f\u00f6hretini kaybetti, depresyona girdi. Toplumsal medyadan etkile\u015fim kasmak i\u00e7in bu t\u00fcrl\u00fc bir yola ba\u015fvurdu. Allah a\u015fk\u0131na b\u00f6ylelerine prim vermeyin.&#8221; tabirlerini kulland\u0131.<\/p>\n<p><strong>&#65279;RYAN BABEL NE DEM\u0130\u015eT\u0130?<\/strong><\/p>\n<p>Ge\u00e7ti\u011fimiz g\u00fcnlerde Galatasaray g\u00fcnleriyle ilgili konu\u015fan Babel, &#8220;10 sene boyunca T\u00fcrkiye&#8217;de oynad\u0131m. D\u00f6rt farkl\u0131 kadroda oynad\u0131m. \u0130ki k\u00fc\u00e7\u00fck kul\u00fcpte, iki b\u00fcy\u00fck gruptan oynad\u0131m. \u0130tiraf etmeliyim Galatasaray&#8217;da oynarken kimi ma\u00e7lar\u0131 kazan\u0131rd\u0131k. Biliyordum ki &#8216;Bug\u00fcn \u00e7ok \u015fansl\u0131yd\u0131k&#8217; bug\u00fcn \u015fansl\u0131yd\u0131k zira hakem bize yard\u0131m etti&#8221; s\u00f6zlerini kullanm\u0131\u015ft\u0131.<\/p>\n<p>Daha sonra hususa dair bir a\u00e7\u0131klama daha yapan Ryan Babel, &#8220;D\u00fcn yay\u0131mlanan r\u00f6portaj\u0131n akabinde g\u00fcndemi me\u015fgul eden bir yanl\u0131\u015f anla\u015f\u0131lma ortaya \u00e7\u0131km\u0131\u015ft\u0131r. Bug\u00fcn, s\u00f6zlerimin \u00e7arp\u0131t\u0131ld\u0131\u011f\u0131n\u0131 ve s\u0131rf Galatasaray\u2019a kar\u015f\u0131 olumsuz bir alg\u0131 yaratmak gayesiyle kullan\u0131ld\u0131\u011f\u0131n\u0131 g\u00f6r\u00fcyorum. Halbuki ki r\u00f6portaj\u0131mda \u00fc\u00e7 b\u00fcy\u00fck kul\u00fcp kelam konusu oldu\u011funda hakem kararlar\u0131ndaki farkl\u0131l\u0131klar\u0131 a\u00e7\u0131klamaya itina g\u00f6sterdim, t\u0131pk\u0131 di\u011fer bir\u00e7ok ligde oldu\u011fu \u00fczere. \u00dc\u00e7 d\u00f6nem boyunca formas\u0131n\u0131 giydi\u011fim kul\u00fcb\u00fc k\u00f6t\u00fclemek \u00fczere bir niyetim olmad\u0131\u011f\u0131n\u0131 belirtmek isterim, bilhassa de Galatasaray\u2019\u0131n son iki y\u0131ldaki art geriye kazand\u0131\u011f\u0131 \u015fampiyonluklar g\u00f6z \u00f6n\u00fcnde bulunduruldu\u011funda. Bu d\u00f6nem, Galatasaray\u2019\u0131n liderli\u011fini s\u00fcrd\u00fcrerek 5. y\u0131ld\u0131z\u0131 kazanaca\u011f\u0131na y\u00fcrekten inan\u0131yor ve kadroya muvaffakiyetler diliyorum&#8221; kelamlar\u0131n\u0131 sarf etti.<\/p>\n","protected":false},"excerpt":{"rendered":"<p>Galatasaray ile ilgili yap\u0131lan alg\u0131 operasyonlar\u0131na bir yenisi daha eklenmi\u015fti.<\/p>\n","protected":false},"author":1,"featured_media":5050,"comment_status":"open","ping_status":"open","sticky":false,"template":"","format":"standard","meta":{"footnotes":""},"categories":[1],"tags":[364,37,24],"class_list":["post-5049","post","type-post","status-publish","format-standard","has-post-thumbnail","hentry","category-galatasaray-haber","tag-babel","tag-bir","tag-galatasaray"],"_links":{"self":[{"href":"https:\/\/habergalatasaray.tr\/index.php\/wp-json\/wp\/v2\/posts\/5049","targetHints":{"allow":["GET"]}}],"collection":[{"href":"https:\/\/habergalatasaray.tr\/index.php\/wp-json\/wp\/v2\/posts"}],"about":[{"href":"https:\/\/habergalatasaray.tr\/index.php\/wp-json\/wp\/v2\/types\/post"}],"author":[{"embeddable":true,"href":"https:\/\/habergalatasaray.tr\/index.php\/wp-json\/wp\/v2\/users\/1"}],"replies":[{"embeddable":true,"href":"https:\/\/habergalatasaray.tr\/index.php\/wp-json\/wp\/v2\/comments?post=5049"}],"version-history":[{"count":1,"href":"https:\/\/habergalatasaray.tr\/index.php\/wp-json\/wp\/v2\/posts\/5049\/revisions"}],"predecessor-version":[{"id":5051,"href":"https:\/\/habergalatasaray.tr\/index.php\/wp-json\/wp\/v2\/posts\/5049\/revisions\/5051"}],"wp:featuredmedia":[{"embeddable":true,"href":"https:\/\/habergalatasaray.tr\/index.php\/wp-json\/wp\/v2\/media\/5050"}],"wp:attachment":[{"href":"https:\/\/habergalatasaray.tr\/index.php\/wp-json\/wp\/v2\/media?parent=5049"}],"wp:term":[{"taxonomy":"category","embeddable":true,"href":"https:\/\/habergalatasaray.tr\/index.php\/wp-json\/wp\/v2\/categories?post=5049"},{"taxonomy":"post_tag","embeddable":true,"href":"https:\/\/habergalatasaray.tr\/index.php\/wp-json\/wp\/v2\/tags?post=5049"}],"curies":[{"name":"wp","href":"https:\/\/api.w.org\/{rel}","templated":true}]}}