{"id":5071,"date":"2025-03-02T13:36:07","date_gmt":"2025-03-02T13:36:07","guid":{"rendered":"https:\/\/habergalatasaray.tr\/?p=5071"},"modified":"2025-03-02T13:36:07","modified_gmt":"2025-03-02T13:36:07","slug":"ahmet-cakardan-penalti-yorumu-galatasarayda-victor-osimhene","status":"publish","type":"post","link":"https:\/\/habergalatasaray.tr\/index.php\/2025\/03\/02\/ahmet-cakardan-penalti-yorumu-galatasarayda-victor-osimhene\/","title":{"rendered":"Ahmet \u00c7akar&#8217;dan penalt\u0131 yorumu! &#8220;Galatasaray&#8217;da Victor Osimhen&#8217;e&#8230;&#8221;"},"content":{"rendered":"<p>Galatasaray, S\u00fcper Lig&#8217;de Kas\u0131mpa\u015fa kar\u015f\u0131s\u0131nda Victor Osimhen&#8217;in att\u0131\u011f\u0131 penalt\u0131 gol\u00fcyle 1-0 \u00f6ne ge\u00e7ti.<\/p>\n<p>Kas\u0131mpa\u015fa kalecisi Andreas Gianniotis&#8217;in Osimhen&#8217;e m\u00fcdahalesiyle VAR incelemesi sonras\u0131 penalt\u0131 karar\u0131 verildi.<\/p>\n<p><strong>AHMET \u00c7AKAR&#8217;DAN PENALTI YORUMU<\/strong><\/p>\n<p>Sportz yorumcusu Ahmet \u00c7akar, Galatasaray&#8217;\u0131n penalt\u0131s\u0131n\u0131 yorumlad\u0131.<\/p>\n<p><strong>\u00c7akar&#8217;\u0131n a\u00e7\u0131klamalar\u0131 \u015fu halde:<\/strong><\/p>\n<p><strong>&#8220;Y\u00dcZDE 100 DO&#286;RU KARAR&#8221;<\/strong><\/p>\n<p>&#8220;Galatasaray&#8217;da Osimhen&#8217;e yap\u0131lan penalt\u0131 y\u00fczde 100 ger\u00e7ek karar. Kalecinin Osimhen&#8217;in sol baca\u011f\u0131na m\u00fcdahalesi var.&#8221; s\u00f6zlerini kulland\u0131.<\/p>\n","protected":false},"excerpt":{"rendered":"<p>Galatasaray&#8217;\u0131n S\u00fcper Lig&#8217;de bu haftaki rakibi Kas\u0131mpa\u015fa oldu.<\/p>\n","protected":false},"author":1,"featured_media":5072,"comment_status":"open","ping_status":"open","sticky":false,"template":"","format":"standard","meta":{"footnotes":""},"categories":[1],"tags":[128],"class_list":["post-5071","post","type-post","status-publish","format-standard","has-post-thumbnail","hentry","category-galatasaray-haber","tag-penalti"],"_links":{"self":[{"href":"https:\/\/habergalatasaray.tr\/index.php\/wp-json\/wp\/v2\/posts\/5071","targetHints":{"allow":["GET"]}}],"collection":[{"href":"https:\/\/habergalatasaray.tr\/index.php\/wp-json\/wp\/v2\/posts"}],"about":[{"href":"https:\/\/habergalatasaray.tr\/index.php\/wp-json\/wp\/v2\/types\/post"}],"author":[{"embeddable":true,"href":"https:\/\/habergalatasaray.tr\/index.php\/wp-json\/wp\/v2\/users\/1"}],"replies":[{"embeddable":true,"href":"https:\/\/habergalatasaray.tr\/index.php\/wp-json\/wp\/v2\/comments?post=5071"}],"version-history":[{"count":1,"href":"https:\/\/habergalatasaray.tr\/index.php\/wp-json\/wp\/v2\/posts\/5071\/revisions"}],"predecessor-version":[{"id":5073,"href":"https:\/\/habergalatasaray.tr\/index.php\/wp-json\/wp\/v2\/posts\/5071\/revisions\/5073"}],"wp:featuredmedia":[{"embeddable":true,"href":"https:\/\/habergalatasaray.tr\/index.php\/wp-json\/wp\/v2\/media\/5072"}],"wp:attachment":[{"href":"https:\/\/habergalatasaray.tr\/index.php\/wp-json\/wp\/v2\/media?parent=5071"}],"wp:term":[{"taxonomy":"category","embeddable":true,"href":"https:\/\/habergalatasaray.tr\/index.php\/wp-json\/wp\/v2\/categories?post=5071"},{"taxonomy":"post_tag","embeddable":true,"href":"https:\/\/habergalatasaray.tr\/index.php\/wp-json\/wp\/v2\/tags?post=5071"}],"curies":[{"name":"wp","href":"https:\/\/api.w.org\/{rel}","templated":true}]}}