{"id":5174,"date":"2025-03-03T17:36:05","date_gmt":"2025-03-03T17:36:05","guid":{"rendered":"https:\/\/habergalatasaray.tr\/?p=5174"},"modified":"2025-03-03T17:36:05","modified_gmt":"2025-03-03T17:36:05","slug":"emre-bol-galatasaraylilar-gercekten-hakliymis-ben-bu-kadar-amatorluk-gormedim","status":"publish","type":"post","link":"https:\/\/habergalatasaray.tr\/index.php\/2025\/03\/03\/emre-bol-galatasaraylilar-gercekten-hakliymis-ben-bu-kadar-amatorluk-gormedim\/","title":{"rendered":"Emre Bol: &#8220;Galatasarayl\u0131lar ger\u00e7ekten hakl\u0131ym\u0131\u015f, ben bu kadar amat\u00f6rl\u00fck g\u00f6rmedim&#8221;"},"content":{"rendered":"<p>Ekol Sports Youtube kanal\u0131nda Emre Bol, Galatasaray ile ilgili yorumlarda bulundu.<\/p>\n<p><strong>Bol&#8217;un a\u00e7\u0131klamalar\u0131 \u015fu halde:<\/strong><\/p>\n<p><strong>&#8220;GALATASARAY, \u00c7OK GOL Y\u0130YOR&#8221;<\/strong><\/p>\n<p>&#8220;Galatasaray, \u00e7ok gol at\u0131yor, nama\u011flup  ancak \u00e7ok gol yiyor ve son ma\u00e7lar\u0131 kazanamad\u0131lar.&#8221;<\/p>\n<p><strong>&#8220;CUESTA \u0130\u00c7\u0130N N\u0130TEK\u0130M HAKLILARMI\u015e&#8221;<\/strong><\/p>\n<p>&#8220;Carlos Cuesta&#8217;y\u0131 \u00e7ok ele\u015ftirdiler ve hakikaten hakl\u0131larm\u0131\u015f. Penalt\u0131 durumunda topla hi\u00e7bir alakas\u0131 yok, direkt adam\u0131 indirdi. Ben bu kadar amat\u00f6rl\u00fck g\u00f6rmedim.&#8221; <\/p>\n<p><strong>&#8220;OSIMHEN DI\u015eINDA H\u0130\u00c7B\u0130R\u0130 TES\u0130R G\u00d6STEREM\u0130YOR&#8221;<\/strong><\/p>\n<p>&#8220;Galatasaray&#8217;\u0131 haftalard\u0131r Victor Osimhen s\u0131rtl\u0131yordu. \u00d6b\u00fcrleri hi\u00e7bir tesir g\u00f6stermiyor. Kiral\u0131k olan Osimhen&#8217;in u\u011fra\u015f\u0131n\u0131n yar\u0131s\u0131n\u0131 ba\u015fka futbolcular g\u00f6stermiyor. Ko\u015fma, u\u011fra\u015f, tekmeye ba\u015f atma yok.&#8221;<\/p>\n<p><strong>&#8220;GALATASARAYLI OYUNCULARIN KO\u015eACAK HAL\u0130 YOK&#8221;<\/strong><\/p>\n<p>&#8220;Okan Buruk, ekip \u00fczerindeki hakimiyetini kaybetti. Galatasarayl\u0131 oyuncular\u0131n ko\u015facak hali yok. Kaan Ayhan oyuna giriyor, &#8216;Yava\u015f yava\u015f&#8217; diyor. Sen daha yeni oyuna giriyorsun. Kupa ma\u00e7\u0131nda Galatasaray&#8217;\u0131n hocas\u0131 skoru korumak i\u00e7in direktif veriyor. Ya senin kar\u015f\u0131nda PSG, Real Madrid yok, Konyaspor var. Bu temposuzluk nedir? Futbolcular adeta gaz\u0131 kestiler.&#8221; s\u00f6zlerini kulland\u0131.<\/p>\n<p><strong>Kaynak: habersarikirmizi.com<\/strong><\/p>\n","protected":false},"excerpt":{"rendered":"<p>Galatasaray, S\u00fcper Lig&#8217;de Kas\u0131mpa\u015fa beraberli\u011fiyle de\u011ferli kay\u0131p ya\u015fad\u0131.<\/p>\n","protected":false},"author":1,"featured_media":5175,"comment_status":"open","ping_status":"open","sticky":false,"template":"","format":"standard","meta":{"footnotes":""},"categories":[1],"tags":[24],"class_list":["post-5174","post","type-post","status-publish","format-standard","has-post-thumbnail","hentry","category-galatasaray-haber","tag-galatasaray"],"_links":{"self":[{"href":"https:\/\/habergalatasaray.tr\/index.php\/wp-json\/wp\/v2\/posts\/5174","targetHints":{"allow":["GET"]}}],"collection":[{"href":"https:\/\/habergalatasaray.tr\/index.php\/wp-json\/wp\/v2\/posts"}],"about":[{"href":"https:\/\/habergalatasaray.tr\/index.php\/wp-json\/wp\/v2\/types\/post"}],"author":[{"embeddable":true,"href":"https:\/\/habergalatasaray.tr\/index.php\/wp-json\/wp\/v2\/users\/1"}],"replies":[{"embeddable":true,"href":"https:\/\/habergalatasaray.tr\/index.php\/wp-json\/wp\/v2\/comments?post=5174"}],"version-history":[{"count":1,"href":"https:\/\/habergalatasaray.tr\/index.php\/wp-json\/wp\/v2\/posts\/5174\/revisions"}],"predecessor-version":[{"id":5176,"href":"https:\/\/habergalatasaray.tr\/index.php\/wp-json\/wp\/v2\/posts\/5174\/revisions\/5176"}],"wp:featuredmedia":[{"embeddable":true,"href":"https:\/\/habergalatasaray.tr\/index.php\/wp-json\/wp\/v2\/media\/5175"}],"wp:attachment":[{"href":"https:\/\/habergalatasaray.tr\/index.php\/wp-json\/wp\/v2\/media?parent=5174"}],"wp:term":[{"taxonomy":"category","embeddable":true,"href":"https:\/\/habergalatasaray.tr\/index.php\/wp-json\/wp\/v2\/categories?post=5174"},{"taxonomy":"post_tag","embeddable":true,"href":"https:\/\/habergalatasaray.tr\/index.php\/wp-json\/wp\/v2\/tags?post=5174"}],"curies":[{"name":"wp","href":"https:\/\/api.w.org\/{rel}","templated":true}]}}