{"id":5193,"date":"2025-03-03T22:48:06","date_gmt":"2025-03-03T22:48:06","guid":{"rendered":"https:\/\/habergalatasaray.tr\/?p=5193"},"modified":"2025-03-03T22:48:06","modified_gmt":"2025-03-03T22:48:06","slug":"burhan-can-terzi-galatasarayda-idmanda-aglamakli-olmus-yanina-ilk-morata-gitmis-kendine-gel-kafani-kaldir-demis","status":"publish","type":"post","link":"https:\/\/habergalatasaray.tr\/index.php\/2025\/03\/03\/burhan-can-terzi-galatasarayda-idmanda-aglamakli-olmus-yanina-ilk-morata-gitmis-kendine-gel-kafani-kaldir-demis\/","title":{"rendered":"Burhan Can Terzi: &#8220;Galatasaray&#8217;da idmanda a\u011flamakl\u0131 olmu\u015f, yan\u0131na ilk Morata gitmi\u015f, &#8216;Kendine gel, kafan\u0131 kald\u0131r&#8217; demi\u015f&#8221;"},"content":{"rendered":"<p>Galatasaray&#8217;da Kas\u0131mpa\u015fa ma\u00e7\u0131 sonras\u0131 tenkitlerin amac\u0131nda yer alan isim Carlos Cuesta olmu\u015ftu.<\/p>\n<p>Kolombiyal\u0131 savunma oyuncusu yapt\u0131rd\u0131\u011f\u0131 penalt\u0131 sonras\u0131nda b\u00fcy\u00fck reaksiyon alm\u0131\u015ft\u0131.<\/p>\n<p><strong>ANTRENMANDA D\u0130KAKT \u00c7EKEN DETAY<\/strong><\/p>\n<p>Galatasaray muhabiri Burhan Can Terzi, Sportcell Youtube kanal\u0131nda sar\u0131 k\u0131rm\u0131z\u0131l\u0131lar\u0131n idman\u0131nda ya\u015fanan geli\u015fmeyi aktard\u0131.<\/p>\n<p><strong>Terzi&#8217;nin a\u00e7\u0131klamalar\u0131 \u015fu formda:<\/strong><\/p>\n<p><strong>&#8220;CUESTA, EGZERS\u0130ZDE A&#286;LAMAKLI OLMU\u015e&#8221;<\/strong><\/p>\n<p>&#8220;Cuesta, Kas\u0131mpa\u015fa ma\u00e7\u0131ndan sonra penalt\u0131 yapt\u0131rd\u0131\u011f\u0131 i\u00e7in ve do\u011fal muhtemelen Instagram\u2019\u0131na gelen iletiler y\u00fcz\u00fcnden \u00e7ok derecede morali bozukmu\u015f ve bug\u00fcn egzersizde a\u011flamakl\u0131 olmu\u015f.&#8221;<\/p>\n<p><strong>&#8220;MORATA &#8216;KEND\u0130NE GEL, KAFANI KALDIR&#8217; DEM\u0130\u015e&#8221;<\/strong><\/p>\n<p>&#8220;Cuesta\u2019n\u0131n yan\u0131na birinci Morata gitmi\u015f, &#8216;Ne yap\u0131yorsun sen? Kendine gel, kafan\u0131 kald\u0131r!&#8217; demi\u015f. Sonra b\u00fct\u00fcn ekibe da, &#8216;Biz \u00f6nder bir tak\u0131m\u0131z! \u015eu anda kimse moralini bozmayacak ve biz \u015fampiyon olaca\u011f\u0131z&#8217; diye ayar \u00e7ekmi\u015f.&#8221; tabirlerini kulland\u0131.<\/p>\n","protected":false},"excerpt":{"rendered":"<p>Galatasaray&#8217;da Kas\u0131mpa\u015fa ma\u00e7\u0131 sonras\u0131nda konsantrasyon yakalamak i\u00e7in a\u011f\u0131r bir birliktelik olu\u015fturuluyor.<\/p>\n","protected":false},"author":1,"featured_media":5194,"comment_status":"open","ping_status":"open","sticky":false,"template":"","format":"standard","meta":{"footnotes":""},"categories":[1],"tags":[],"class_list":["post-5193","post","type-post","status-publish","format-standard","has-post-thumbnail","hentry","category-galatasaray-haber"],"_links":{"self":[{"href":"https:\/\/habergalatasaray.tr\/index.php\/wp-json\/wp\/v2\/posts\/5193","targetHints":{"allow":["GET"]}}],"collection":[{"href":"https:\/\/habergalatasaray.tr\/index.php\/wp-json\/wp\/v2\/posts"}],"about":[{"href":"https:\/\/habergalatasaray.tr\/index.php\/wp-json\/wp\/v2\/types\/post"}],"author":[{"embeddable":true,"href":"https:\/\/habergalatasaray.tr\/index.php\/wp-json\/wp\/v2\/users\/1"}],"replies":[{"embeddable":true,"href":"https:\/\/habergalatasaray.tr\/index.php\/wp-json\/wp\/v2\/comments?post=5193"}],"version-history":[{"count":1,"href":"https:\/\/habergalatasaray.tr\/index.php\/wp-json\/wp\/v2\/posts\/5193\/revisions"}],"predecessor-version":[{"id":5195,"href":"https:\/\/habergalatasaray.tr\/index.php\/wp-json\/wp\/v2\/posts\/5193\/revisions\/5195"}],"wp:featuredmedia":[{"embeddable":true,"href":"https:\/\/habergalatasaray.tr\/index.php\/wp-json\/wp\/v2\/media\/5194"}],"wp:attachment":[{"href":"https:\/\/habergalatasaray.tr\/index.php\/wp-json\/wp\/v2\/media?parent=5193"}],"wp:term":[{"taxonomy":"category","embeddable":true,"href":"https:\/\/habergalatasaray.tr\/index.php\/wp-json\/wp\/v2\/categories?post=5193"},{"taxonomy":"post_tag","embeddable":true,"href":"https:\/\/habergalatasaray.tr\/index.php\/wp-json\/wp\/v2\/tags?post=5193"}],"curies":[{"name":"wp","href":"https:\/\/api.w.org\/{rel}","templated":true}]}}