{"id":5219,"date":"2025-03-04T11:12:08","date_gmt":"2025-03-04T11:12:08","guid":{"rendered":"https:\/\/habergalatasaray.tr\/?p=5219"},"modified":"2025-03-04T11:12:08","modified_gmt":"2025-03-04T11:12:08","slug":"galatasaraydan-erden-timur-icin-ilk-cevap-geldi","status":"publish","type":"post","link":"https:\/\/habergalatasaray.tr\/index.php\/2025\/03\/04\/galatasaraydan-erden-timur-icin-ilk-cevap-geldi\/","title":{"rendered":"Galatasaray&#8217;dan Erden Timur i\u00e7in ilk cevap geldi!"},"content":{"rendered":"<p>S\u00fcper Lig&#8217;in nama\u011flup lideri Galatasaray, Kas\u0131mapa\u015fa ile deplasmanda 3-3 berabere kalarak \u015fampiyonluk yolunda yara ald\u0131.<\/p>\n<p><strong>FARK 4&#8217;E \u0130ND\u0130<\/strong><\/p>\n<p>Sar\u0131 k\u0131rm\u0131z\u0131l\u0131lar nama\u011flup serisini devam ettirse de ezeli rakibi Fenerbah\u00e7e ile puan fark\u0131n\u0131n 4&#8217;e inmesine m\u00fcsaade verdi.<\/p>\n<p><strong>ZORLU MA\u00c7LAR VAR<\/strong><\/p>\n<p>Ligin kalan fikst\u00fcr\u00fcnde ise Galatasaray&#8217;\u0131 i\u00e7erde ve d\u0131\u015farda \u015fiddetli m\u00fcsabakalar bekliyor.<\/p>\n<p>Sar\u0131-k\u0131rm\u0131z\u0131l\u0131 takip, ezeli rakipleri Be\u015fikta\u015f ve Trabzonspor&#8217;un yan\u0131 s\u0131ra Samsun ve G\u00f6ztepe deplasmanlar\u0131na \u00e7\u0131kacak.<\/p>\n<p>Galatasaray ba\u015fkan olmas\u0131na ra\u011fmen taraftarlarda tedirginlik olu\u015fmaya ba\u015flad\u0131.<\/p>\n<p><strong>\u0130K\u0130 \u0130SM\u0130N YOKLU&#286;U MUHAKKAK OLUYOR<\/strong><\/p>\n<p>Son 3 resmi ma\u00e7\u0131n\u0131 kazanamayan Cimbom&#8217;da saha i\u00e7i ve saha d\u0131\u015f\u0131nda ya\u015fanan olaylar sonras\u0131 iki ismin yoklu\u011fu g\u00f6ze \u00e7arpt\u0131.<\/p>\n<p>Sar\u0131 k\u0131rm\u0131z\u0131l\u0131lar, yap\u0131lan fla\u015f transferlere kar\u015f\u0131n hem alanda hem de sahan\u0131n d\u0131\u015f\u0131nda eksik duruma d\u00fc\u015ft\u00fc.<\/p>\n<p><strong>MAURO ICARDI&#8217;NIN L\u0130DERL\u0130K \u00d6ZELL\u0130&#286;\u0130 ARANIYOR<\/strong><\/p>\n<p>Mauro Icardi&#8217;nin yoklu\u011fu saha i\u00e7inde hissediliyor ve Arjatinli y\u0131ld\u0131z kritik golleri d\u0131\u015f\u0131nda liderlik \u00f6zelli\u011fiyle aran\u0131yor.<\/p>\n<p><strong>FENERAH\u00c7E DERB\u0130S\u0130 \u0130\u00c7\u0130N GEL\u0130P G\u0130TT\u0130<\/strong><\/p>\n<p>Y\u0131ld\u0131z golc\u00fc derbi i\u00e7in idare taraf\u0131ndan ge\u00e7ti\u011fimiz hafta \u0130stanbul&#8217;a davet edilmi\u015fti. Tangocu, Rams Park&#8217;a gelip ma\u00e7 \u00f6ncesinde taraftar\u0131 selamlay\u0131p birlikte tezah\u00fcrat yapt\u0131.<\/p>\n<p>Icardi sonras\u0131nda ise k\u0131z arkada\u015f\u0131 China Suarez ile birlikte \u0130stanbul&#8217;u gezip foto\u011fraflar payla\u015f\u0131rken, evvelki g\u00fcn de \u0130stanbul&#8217;dan ayr\u0131ld\u0131.<\/p>\n<p><strong>ERDEN T\u0130MUR&#8217;UN BO\u015eLU&#286;U DOLMADI<\/strong><\/p>\n<p>\u0130cardi \u00fczere \u00fcst \u00fcste iki \u015fampiyonlukta hisse sahibi olan Erden Timur&#8217;un saha d\u0131\u015f\u0131ndaki bo\u015flu\u011fu da bir t\u00fcrl\u00fc dolmad\u0131. 3&#8217;e b\u00f6l\u00fcnen futbol yap\u0131lanmas\u0131nda birlik sa\u011flanmad\u0131.<\/p>\n<p><img decoding=\"async\" class=\"detayFoto\" src=\"https:\/\/habergalatasaray.tr\/wp-content\/uploads\/2025\/03\/galatasaraydan-erden-timur-icin-ilk-cevap-geldi-0-VFYe7bdQ.jpg\"><\/p>\n<p><strong>SAHA DI\u015eI A\u00c7IKLAMALAR KONSANTRASYON BOZDU<\/strong><\/p>\n<p>Fenerbah\u00e7e&#8217;den Acun Il\u0131cal\u0131 ve Jose Mourinho&#8217;nun a\u00e7\u0131klamalar\u0131na Okan Buruk yan\u0131t vermeye \u00e7al\u0131\u015ft\u0131. Hem konsantrasyonu bozulan hem de Timur sonras\u0131 yaln\u0131z kalan Buruk, Avrupa&#8217;daki ba\u015far\u0131s\u0131zl\u0131\u011fa mahzur olamad\u0131 ve S\u00fcper Lig&#8217;de puan kay\u0131plar\u0131 ba\u015flad\u0131.<\/p>\n<p><strong>GALATASARAY&#8217;DAN ERDEN T\u0130MUR CEVABI<\/strong><\/p>\n<p>\u00d6te yandan eski y\u00f6netici Erden Timur&#8217;un Fenerbah\u00e7e ma\u00e7\u0131ndan evvel moral vermek i\u00e7in kadroyla bulu\u015fmak istedi\u011fi lakin mevcut idarenin buna kar\u015f\u0131l\u0131k vermedi\u011fi tezi toplumsal medyada g\u00fcndeme geldi. Ancak Galatasaray idaresi bu t\u00fcrl\u00fc iste\u011fin ve talebin olmad\u0131\u011f\u0131n\u0131 belirtti.<\/p>\n<p><strong>Kaynak: Mehmet \u00d6zcan \/ Sabah<\/strong><\/p>\n","protected":false},"excerpt":{"rendered":"<p>Galatasaray&#8217;da son haftalarda al\u0131nan sonu\u00e7lar topluluk \u00fczerinde moral bozuklu\u011funa neden oldu.<\/p>\n","protected":false},"author":1,"featured_media":5220,"comment_status":"open","ping_status":"open","sticky":false,"template":"","format":"standard","meta":{"footnotes":""},"categories":[1],"tags":[373,94,372,252],"class_list":["post-5219","post","type-post","status-publish","format-standard","has-post-thumbnail","hentry","category-galatasaray-haber","tag-disi","tag-ici","tag-saha","tag-timur"],"_links":{"self":[{"href":"https:\/\/habergalatasaray.tr\/index.php\/wp-json\/wp\/v2\/posts\/5219","targetHints":{"allow":["GET"]}}],"collection":[{"href":"https:\/\/habergalatasaray.tr\/index.php\/wp-json\/wp\/v2\/posts"}],"about":[{"href":"https:\/\/habergalatasaray.tr\/index.php\/wp-json\/wp\/v2\/types\/post"}],"author":[{"embeddable":true,"href":"https:\/\/habergalatasaray.tr\/index.php\/wp-json\/wp\/v2\/users\/1"}],"replies":[{"embeddable":true,"href":"https:\/\/habergalatasaray.tr\/index.php\/wp-json\/wp\/v2\/comments?post=5219"}],"version-history":[{"count":1,"href":"https:\/\/habergalatasaray.tr\/index.php\/wp-json\/wp\/v2\/posts\/5219\/revisions"}],"predecessor-version":[{"id":5222,"href":"https:\/\/habergalatasaray.tr\/index.php\/wp-json\/wp\/v2\/posts\/5219\/revisions\/5222"}],"wp:featuredmedia":[{"embeddable":true,"href":"https:\/\/habergalatasaray.tr\/index.php\/wp-json\/wp\/v2\/media\/5220"}],"wp:attachment":[{"href":"https:\/\/habergalatasaray.tr\/index.php\/wp-json\/wp\/v2\/media?parent=5219"}],"wp:term":[{"taxonomy":"category","embeddable":true,"href":"https:\/\/habergalatasaray.tr\/index.php\/wp-json\/wp\/v2\/categories?post=5219"},{"taxonomy":"post_tag","embeddable":true,"href":"https:\/\/habergalatasaray.tr\/index.php\/wp-json\/wp\/v2\/tags?post=5219"}],"curies":[{"name":"wp","href":"https:\/\/api.w.org\/{rel}","templated":true}]}}