{"id":5270,"date":"2025-03-05T11:48:08","date_gmt":"2025-03-05T11:48:08","guid":{"rendered":"https:\/\/habergalatasaray.tr\/?p=5270"},"modified":"2025-03-05T11:48:08","modified_gmt":"2025-03-05T11:48:08","slug":"oguz-altay-galatasaray-bilet-ve-otel-bile-bakmis-gectigimiz-gun-gorustum-enteresan-cevap-aldim","status":"publish","type":"post","link":"https:\/\/habergalatasaray.tr\/index.php\/2025\/03\/05\/oguz-altay-galatasaray-bilet-ve-otel-bile-bakmis-gectigimiz-gun-gorustum-enteresan-cevap-aldim\/","title":{"rendered":"O\u011fuz Altay: &#8220;Galatasaray bilet ve\u00a0otel bile bakm\u0131\u015f, ge\u00e7ti\u011fimiz g\u00fcn g\u00f6r\u00fc\u015ft\u00fcm, enteresan cevap ald\u0131m&#8221;"},"content":{"rendered":"<p>Futbol yorumcusu O\u011fuz Altay, Galatasaray&#8217;\u0131n g\u00fcndemiyle ilgili \u00e7arp\u0131c\u0131 yorumlarda bulundu.<\/p>\n<p><strong>Altay&#8217;\u0131n a\u00e7\u0131klamalar\u0131 \u015fu formda:<\/strong><\/p>\n<p><strong>&#8220;F\u0130NAL \u0130\u00c7\u0130N B\u0130LET VE OTEL B\u0130LE BAKMI\u015eLAR&#8221;<\/strong><\/p>\n<p>&#8220;\u015eu anda g\u00fcya Galatasaray 4-5 puan gerideymi\u015f \u00fczere bir ortam olu\u015ftu. Galatasaray eski g\u00fcc\u00fcnde de\u011fil, g\u00fczel oynam\u0131yor fakat topluluk birle\u015femiyor. \u015eayet siz d\u00f6nem ba\u015f\u0131nda &#8216;UEFA Kupas\u0131&#8217;n\u0131 alaca\u011f\u0131z&#8217; diyip Carlos Cuesta&#8217;y\u0131 al\u0131rsan\u0131z, taraftar size reaksiyon g\u00f6sterir. Hatta bir haber ald\u0131m. Bilbao&#8217;daki final ma\u00e7\u0131 i\u00e7in bilet ve otel bile bakm\u0131\u015flar. Lakin bu i\u015fler bu t\u00fcrl\u00fc olmuyor. Gerekenleri yapmazsan\u0131z, ba\u015far\u0131l\u0131 olamazs\u0131n\u0131z.&#8221;<\/p>\n<p><strong>&#8220;CUESTA, 81 STOPER ORTASINDA 81. SIRADA&#8221;<\/strong><\/p>\n<p>&#8220;Galatasaray&#8217;\u0131n d\u00f6nem ba\u015f\u0131 ve devre ortas\u0131nda yapt\u0131\u011f\u0131 transferler tutmad\u0131. Elias Jelert, Ismail Jakobs, Carlos Cuesta \u00fczere isimler \u00e7ok ele\u015ftiriliyor. \u015eayet devre ortas\u0131 transfer periyodunda atak yap\u0131yorsan bunlar\u0131n direkt birinci 11&#8217;e oturmas\u0131 gerekiyor. \u00dcstelik y\u00fcksek paralardan kelam ediliyor. Kimi istatistiklere bakt\u0131m. Carlos Cuesta 81 stoper ortas\u0131nda 81. s\u0131rada.&#8221;<\/p>\n<p><strong>&#8220;B\u0130R \u00d6NDER G\u00d6REM\u0130YORUM&#8221;<\/strong><\/p>\n<p>&#8220;Galatasaray idaresinde maalesef bir ba\u015fkan g\u00f6remiyorum. 30-35 milyon taraftar\u0131 bir ortaya getirecek a\u00e7\u0131klamaya\u0131 yapacak kimse yok.&#8221;<\/p>\n<p><strong>&#8220;\u0130BRAH\u0130M HAT\u0130PO&#286;LU&#8217;NDAN ENTERESAN B\u0130R KAR\u015eILIK ALDIM&#8221;<\/strong><\/p>\n<p>&#8220;Ge\u00e7ti\u011fimiz g\u00fcn \u0130brahim Hatipo\u011flu ile g\u00f6r\u00fc\u015ft\u00fcm. Enteresan yan\u0131t ald\u0131m. &#8216;Ne vakit konu\u015facaks\u0131n\u0131z, neden toparlama konu\u015fmas\u0131 yapm\u0131yorsunuz?&#8217; dedim. \u0130brahim Hatipo\u011flu ise &#8216;\u00d6n\u00fcm\u00fczdeki ma\u00e7\u0131 kazanal\u0131m, ondan sonra neler olaca\u011f\u0131n\u0131 g\u00f6receksiniz.&#8217; dedi. Okan Buruk&#8217;un yaln\u0131z b\u0131rak\u0131ld\u0131\u011f\u0131n\u0131 d\u00fc\u015f\u00fcn\u00fcyorum. Kimse kusura bakmas\u0131n.&#8221; tabirlerini kulland\u0131.<\/p>\n","protected":false},"excerpt":{"rendered":"<p>Galatasaray&#8217;da son devirdeki mak\u00fbs gidi\u015fat topluluk i\u00e7erisinde b\u00fcy\u00fck kayg\u0131ya neden oluyor.<\/p>\n","protected":false},"author":1,"featured_media":5271,"comment_status":"open","ping_status":"open","sticky":false,"template":"","format":"standard","meta":{"footnotes":""},"categories":[1],"tags":[37,24],"class_list":["post-5270","post","type-post","status-publish","format-standard","has-post-thumbnail","hentry","category-galatasaray-haber","tag-bir","tag-galatasaray"],"_links":{"self":[{"href":"https:\/\/habergalatasaray.tr\/index.php\/wp-json\/wp\/v2\/posts\/5270","targetHints":{"allow":["GET"]}}],"collection":[{"href":"https:\/\/habergalatasaray.tr\/index.php\/wp-json\/wp\/v2\/posts"}],"about":[{"href":"https:\/\/habergalatasaray.tr\/index.php\/wp-json\/wp\/v2\/types\/post"}],"author":[{"embeddable":true,"href":"https:\/\/habergalatasaray.tr\/index.php\/wp-json\/wp\/v2\/users\/1"}],"replies":[{"embeddable":true,"href":"https:\/\/habergalatasaray.tr\/index.php\/wp-json\/wp\/v2\/comments?post=5270"}],"version-history":[{"count":1,"href":"https:\/\/habergalatasaray.tr\/index.php\/wp-json\/wp\/v2\/posts\/5270\/revisions"}],"predecessor-version":[{"id":5272,"href":"https:\/\/habergalatasaray.tr\/index.php\/wp-json\/wp\/v2\/posts\/5270\/revisions\/5272"}],"wp:featuredmedia":[{"embeddable":true,"href":"https:\/\/habergalatasaray.tr\/index.php\/wp-json\/wp\/v2\/media\/5271"}],"wp:attachment":[{"href":"https:\/\/habergalatasaray.tr\/index.php\/wp-json\/wp\/v2\/media?parent=5270"}],"wp:term":[{"taxonomy":"category","embeddable":true,"href":"https:\/\/habergalatasaray.tr\/index.php\/wp-json\/wp\/v2\/categories?post=5270"},{"taxonomy":"post_tag","embeddable":true,"href":"https:\/\/habergalatasaray.tr\/index.php\/wp-json\/wp\/v2\/tags?post=5270"}],"curies":[{"name":"wp","href":"https:\/\/api.w.org\/{rel}","templated":true}]}}