{"id":5276,"date":"2025-03-05T12:48:07","date_gmt":"2025-03-05T12:48:07","guid":{"rendered":"https:\/\/habergalatasaray.tr\/?p=5276"},"modified":"2025-03-05T12:48:07","modified_gmt":"2025-03-05T12:48:07","slug":"jose-mourinhonun-galatasaray-macinda-soyledigi-cirkin-sozleri-ilk-kez-duyurdu","status":"publish","type":"post","link":"https:\/\/habergalatasaray.tr\/index.php\/2025\/03\/05\/jose-mourinhonun-galatasaray-macinda-soyledigi-cirkin-sozleri-ilk-kez-duyurdu\/","title":{"rendered":"Jose Mourinho&#8217;nun Galatasaray ma\u00e7\u0131nda s\u00f6yledi\u011fi \u00e7irkin s\u00f6zleri ilk kez duyurdu!"},"content":{"rendered":"<p>A Spor yorumcusu Levent T\u00fczemen, Galatasaray&#8217;\u0131n g\u00fcndemiyle ilgili de\u011ferlendirmelerde bulundu.<\/p>\n<p><strong>T\u00fczemen&#8217;in a\u00e7\u0131klamalar\u0131 \u015fu formda:<\/strong><\/p>\n<p><strong>&#8220;ALGI OPERASYONLARI YAPANLARI UYARIYORUM&#8221;<\/strong><\/p>\n<p>&#8220;Gece hayat\u0131ndaki t\u00fcm futbolcular\u0131 takip ediyor musunuz? Ediyor mu bu arkada\u015flar? Magazin muhabiri de\u011fil bu dediklerim. Ni\u00e7in yaln\u0131zca Galatasaray \u00fczerinden alg\u0131 yap\u0131yorsunuz? Siz o gece kul\u00fcplerinde birlikte misiniz onlarla? Taht oyunlar\u0131n\u0131n koltuk de\u011fnekleri olmas\u0131n bu alg\u0131lar\u0131 yapanlar. Ben ne olduklar\u0131n\u0131 biliyorum. Gazetecilik yapmay\u0131p alg\u0131 operasyonu yapanlar\u0131 uyar\u0131yorum, Galatasaray&#8217;da taht oyunlar\u0131n\u0131 k\u00f6r\u00fcklemeye \u00e7al\u0131\u015fmas\u0131nlar!&#8221;<\/p>\n<p><strong>&#8220;MOURINHO&#8217;NUN BUNU DEMES\u0130 \u00c7OK \u00c7\u0130RK\u0130N&#8221;<\/strong><\/p>\n<p>&#8220;Bir atas\u00f6z\u00fc \u015f\u00f6yle der, terbiyesize haddini bildirmezsen kabahatini beceri zannedermi\u015f. Mourinho&#8217;nun T\u00fcrk futbolu ile ilgili kulland\u0131\u011f\u0131 telaffuzlar maalesef TFF&#8217;yi rahats\u0131z etmiyor. Bilhassa TFF idaresi neredeyse, &#8216;\u0130yi ki bu s\u00f6zleri s\u00f6yledin&#8217; deyip Portekizli hocan\u0131n boynuna sar\u0131lacak. Vincic ve Kadir Sa\u011flam&#8217;\u0131n bulundu\u011fu ortamda &#8220;Sendeki t.. bunlarda yok&#8221; demesi, maalesef \u00e7ok berbat ancak TFF&#8217;ye nazaran ho\u015f kelamlar.&#8221;<\/p>\n<p><strong>&#8220;TFF&#8217;DEK\u0130LER RAHATSIZ OLMUYOR&#8221;<\/strong><\/p>\n<p>&#8220;S\u00f6ylemleri T\u00fcrk futboluna ziyan vermiyor mu ki TFF&#8217;dekiler rahats\u0131z olmuyorlar. Nerede marka pahas\u0131? Fatih Terim, Okan Buruk ya da Abdullah Avc\u0131, bunlar\u0131 s\u00f6ylese sanki nas\u0131l bir reaksiyon g\u00f6r\u00fcrlerdi? \u0130nan\u0131yorum ki yerden yere vurulurlard\u0131.&#8221;<\/p>\n<p><strong>&#8220;T\u00dcRK HAKEMLER SES \u00c7IKARMIYOR&#8221;<\/strong><\/p>\n<p>&#8220;Fransa&#8217;da 111 hakem, Marsilya Ba\u015fkan\u0131 Pablo Longoria&#8217;y\u0131 mahkemeye verdi. T\u00fcrkiye&#8217;de yabanc\u0131 hakem ma\u00e7 y\u00f6netmeye geliyor, T\u00fcrk hakemler ses \u00e7\u0131karm\u0131yor. Bu ortamda, Jose Mourinho bu telaffuzlar\u0131na devam eder.&#8221;<\/p>\n<p><strong>&#8220;GALATASARAYLILARIN S\u00d6YLEM\u0130 OLAMAZ&#8221;<\/strong><\/p>\n<p>&#8220;\u0130ki y\u0131l \u00fcst \u00fcste \u015fampiyon yapan ve rakibine \u00fc\u00e7 senede \u00f6nemli paralar harcatan Okan Buruk i\u00e7in, &#8216;\u0130stifa etsin&#8217; demek Galatasarayl\u0131lar\u0131n s\u00f6ylemi olamaz. Fenerbah\u00e7eli hesaplar bu alg\u0131 operasyonunu Okan Buruk&#8217;a yapmaya devam ediyorlar.&#8221; <\/p>\n<p><strong>&#8220;OKAN BURUK&#8217;A TAKV\u0130YE VER\u0130LMEL\u0130&#8221;<\/strong><\/p>\n<p>&#8220;B\u00f6yle bir g\u00fcce sahip teknik adama &#8216;gitsin&#8217; diyenler, alg\u0131 pe\u015finde ko\u015fan insanlar\u0131n tertibidir. Ger\u00e7ek Galatasaray taraftar\u0131 da bu alg\u0131lara kar\u015f\u0131 dik durmal\u0131, Okan Buruk&#8217;a gerekli dayana\u011f\u0131 ziyadesiyle vermeli.&#8221;<\/p>\n<p><strong>&#8220;YUSUF AK\u00c7\u0130\u00c7EK&#8217;\u0130 KA\u00c7IRDIKLARINA YANSINLAR&#8221;<\/strong><\/p>\n<p>&#8220;Galatasaray, Yusuf Ak\u00e7i\u00e7ek\u2019i ka\u00e7\u0131rd\u0131\u011f\u0131na yans\u0131n. Oyuncu, Galatasaray\u2019\u0131n altyap\u0131s\u0131ndayd\u0131. Jose Mourinho\u2019nun c\u00fcretle Yusuf\u2019a forma vermesini alk\u0131\u015fl\u0131yorum.&#8221; s\u00f6zlerini kulland\u0131.<\/p>\n<p><strong>Kaynak: habersarikirmizi.com<\/strong><\/p>\n","protected":false},"excerpt":{"rendered":"<p>Galatasaray ve Fenerbah\u00e7e ortas\u0131ndaki \u015fampiyonluk rekabeti saha i\u00e7i ve saha d\u0131\u015f\u0131nda a\u011f\u0131r bir bi\u00e7imde ya\u015fan\u0131yor.<\/p>\n","protected":false},"author":1,"featured_media":5277,"comment_status":"open","ping_status":"open","sticky":false,"template":"","format":"standard","meta":{"footnotes":""},"categories":[1],"tags":[375,24,73,376,338],"class_list":["post-5276","post","type-post","status-publish","format-standard","has-post-thumbnail","hentry","category-galatasaray-haber","tag-algi","tag-galatasaray","tag-okan-buruk","tag-tff","tag-turk"],"_links":{"self":[{"href":"https:\/\/habergalatasaray.tr\/index.php\/wp-json\/wp\/v2\/posts\/5276","targetHints":{"allow":["GET"]}}],"collection":[{"href":"https:\/\/habergalatasaray.tr\/index.php\/wp-json\/wp\/v2\/posts"}],"about":[{"href":"https:\/\/habergalatasaray.tr\/index.php\/wp-json\/wp\/v2\/types\/post"}],"author":[{"embeddable":true,"href":"https:\/\/habergalatasaray.tr\/index.php\/wp-json\/wp\/v2\/users\/1"}],"replies":[{"embeddable":true,"href":"https:\/\/habergalatasaray.tr\/index.php\/wp-json\/wp\/v2\/comments?post=5276"}],"version-history":[{"count":1,"href":"https:\/\/habergalatasaray.tr\/index.php\/wp-json\/wp\/v2\/posts\/5276\/revisions"}],"predecessor-version":[{"id":5278,"href":"https:\/\/habergalatasaray.tr\/index.php\/wp-json\/wp\/v2\/posts\/5276\/revisions\/5278"}],"wp:featuredmedia":[{"embeddable":true,"href":"https:\/\/habergalatasaray.tr\/index.php\/wp-json\/wp\/v2\/media\/5277"}],"wp:attachment":[{"href":"https:\/\/habergalatasaray.tr\/index.php\/wp-json\/wp\/v2\/media?parent=5276"}],"wp:term":[{"taxonomy":"category","embeddable":true,"href":"https:\/\/habergalatasaray.tr\/index.php\/wp-json\/wp\/v2\/categories?post=5276"},{"taxonomy":"post_tag","embeddable":true,"href":"https:\/\/habergalatasaray.tr\/index.php\/wp-json\/wp\/v2\/tags?post=5276"}],"curies":[{"name":"wp","href":"https:\/\/api.w.org\/{rel}","templated":true}]}}