{"id":5285,"date":"2025-03-05T13:36:06","date_gmt":"2025-03-05T13:36:06","guid":{"rendered":"https:\/\/habergalatasaray.tr\/?p=5285"},"modified":"2025-03-05T13:36:06","modified_gmt":"2025-03-05T13:36:06","slug":"sacha-boey-adim-adim-galatasaraya-geliyor","status":"publish","type":"post","link":"https:\/\/habergalatasaray.tr\/index.php\/2025\/03\/05\/sacha-boey-adim-adim-galatasaraya-geliyor\/","title":{"rendered":"Sacha Boey, ad\u0131m ad\u0131m Galatasaray&#8217;a geliyor!"},"content":{"rendered":"<p>Galatasaray&#8217;dan Bayern M\u00fcnih&#8217;e rekor bir bonservis bedeliyle sat\u0131lan Sacha Boey&#8217;in Alman kul\u00fcb\u00fcnden ayr\u0131laca\u011f\u0131 ileri s\u00fcr\u00fcld\u00fc.<\/p>\n<p><strong>SAKATLIKLAR SONRASI RANDIMAN ALINAMADI<\/strong><\/p>\n<p>Sacha Boey&#8217;in ya\u015fad\u0131\u011f\u0131 sakatl\u0131klar\u0131n akabinde Alman tak\u0131m\u0131, Frans\u0131z sa\u011f bekten istedi\u011fi rand\u0131man\u0131 bir t\u00fcrl\u00fc alamad\u0131.<\/p>\n<p><strong>AYRILIK \u0130\u00c7\u0130N V\u0130ZE VER\u0130LD\u0130<\/strong><\/p>\n<p>Bayern&#8217;in 24 ya\u015f\u0131ndaki futbolcu i\u00e7in mali olarak yeterli bir teklif bekledi\u011fi ve 2028&#8217;e kadar mukavelesi bulunan Sacha Boey&#8217;e ayr\u0131l\u0131k vizesini verdi\u011fi belirtildi.<\/p>\n<p><strong>GALATASARAY TAL\u0130P OLDU<\/strong><\/p>\n<p>Sabah Gazetesi&#8217;nde yer alan habere nazaran; Galatasaray, Sacha Boey&#8217;e talip oldu. Sar\u0131 k\u0131rm\u0131z\u0131l\u0131lar\u0131n Bayern M\u00fcnih&#8217;e teklif yaparak futbolcunun geri d\u00f6n\u00fc\u015f\u00fc i\u00e7in \u00e7al\u0131\u015faca\u011f\u0131 kaydedildi.<\/p>\n<p><img decoding=\"async\" class=\"detayFoto\" src=\"https:\/\/habergalatasaray.tr\/wp-content\/uploads\/2025\/03\/sacha-boey-adim-adim-galatasaraya-geliyor-0-Dpk67Cev.jpg\"><\/p>\n<p><strong>BU SEZONK\u0130 PERFORMANSI<\/strong><\/p>\n<p>Bundesliga tak\u0131m\u0131nda bu d\u00f6nem 11 ma\u00e7ta 461 dakika m\u00fchlet alabilen Sacha Boey 1 asist yapt\u0131.<\/p>\n","protected":false},"excerpt":{"rendered":"<p>Galatasaray&#8217;\u0131n 30 milyon Euro&#8217;ya Bayern M\u00fcnih&#8217;e satt\u0131\u011f\u0131 Sacha Boey, Alman devinde beklentileri kar\u015f\u0131layamad\u0131.<\/p>\n","protected":false},"author":1,"featured_media":5286,"comment_status":"open","ping_status":"open","sticky":false,"template":"","format":"standard","meta":{"footnotes":""},"categories":[1],"tags":[377],"class_list":["post-5285","post","type-post","status-publish","format-standard","has-post-thumbnail","hentry","category-galatasaray-haber","tag-boey"],"_links":{"self":[{"href":"https:\/\/habergalatasaray.tr\/index.php\/wp-json\/wp\/v2\/posts\/5285","targetHints":{"allow":["GET"]}}],"collection":[{"href":"https:\/\/habergalatasaray.tr\/index.php\/wp-json\/wp\/v2\/posts"}],"about":[{"href":"https:\/\/habergalatasaray.tr\/index.php\/wp-json\/wp\/v2\/types\/post"}],"author":[{"embeddable":true,"href":"https:\/\/habergalatasaray.tr\/index.php\/wp-json\/wp\/v2\/users\/1"}],"replies":[{"embeddable":true,"href":"https:\/\/habergalatasaray.tr\/index.php\/wp-json\/wp\/v2\/comments?post=5285"}],"version-history":[{"count":1,"href":"https:\/\/habergalatasaray.tr\/index.php\/wp-json\/wp\/v2\/posts\/5285\/revisions"}],"predecessor-version":[{"id":5288,"href":"https:\/\/habergalatasaray.tr\/index.php\/wp-json\/wp\/v2\/posts\/5285\/revisions\/5288"}],"wp:featuredmedia":[{"embeddable":true,"href":"https:\/\/habergalatasaray.tr\/index.php\/wp-json\/wp\/v2\/media\/5286"}],"wp:attachment":[{"href":"https:\/\/habergalatasaray.tr\/index.php\/wp-json\/wp\/v2\/media?parent=5285"}],"wp:term":[{"taxonomy":"category","embeddable":true,"href":"https:\/\/habergalatasaray.tr\/index.php\/wp-json\/wp\/v2\/categories?post=5285"},{"taxonomy":"post_tag","embeddable":true,"href":"https:\/\/habergalatasaray.tr\/index.php\/wp-json\/wp\/v2\/tags?post=5285"}],"curies":[{"name":"wp","href":"https:\/\/api.w.org\/{rel}","templated":true}]}}