{"id":5316,"date":"2025-03-05T20:48:08","date_gmt":"2025-03-05T20:48:08","guid":{"rendered":"https:\/\/habergalatasaray.tr\/?p=5316"},"modified":"2025-03-05T20:48:08","modified_gmt":"2025-03-05T20:48:08","slug":"abdurrahim-albayrak-keske-galatasarayda-oynamaya-devam-etse-neler-yapilmasi-gerektigini-baskana-soyledim","status":"publish","type":"post","link":"https:\/\/habergalatasaray.tr\/index.php\/2025\/03\/05\/abdurrahim-albayrak-keske-galatasarayda-oynamaya-devam-etse-neler-yapilmasi-gerektigini-baskana-soyledim\/","title":{"rendered":"Abdurrahim Albayrak: &#8220;Ke\u015fke Galatasaray&#8217;da oynamaya devam etse, neler yap\u0131lmas\u0131 gerekti\u011fini ba\u015fkana s\u00f6yledim&#8221;"},"content":{"rendered":"<p>Galatasaray Kul\u00fcb\u00fc eski y\u00f6neticisi Abdurrahim Albayrak, Galatasaray ile ilgili a\u00e7\u0131klamalarda bulundu.<\/p>\n<p><strong>Albayrak&#8217;\u0131n Radyospor&#8217;a yapt\u0131\u011f\u0131 a\u00e7\u0131klamalar \u015fu formda:<\/strong><\/p>\n<p><strong>&#8220;OSIMHEN, KE\u015eKE DEVAM ETSE&#8221;<\/strong><\/p>\n<p>&#8220;Ah ke\u015fke devam etse Osimhen&#8230; Icardi \u00fczere o da b\u00fct\u00fcn Galatasarayl\u0131lar\u0131n g\u00f6nl\u00fcnde taht kurdu. Dikkat edin 2 ay sonra gidecek olan bir d\u00fcnya y\u0131ld\u0131z\u0131 nas\u0131l can\u0131yla ba\u015f\u0131yla gayret ediyor. B\u00fct\u00fcn liglerimizde oynayan futbolcular ondan ders als\u0131n. Ne kadar profesyonel futbolcu oldu\u011funu t\u00fcm d\u00fcnyaya kan\u0131tlad\u0131.&#8221;<\/p>\n<p><strong>&#8220;NELER YAPILMASI GEREKT\u0130&#286;\u0130N\u0130 L\u0130DERE S\u00d6YLED\u0130M&#8221;<\/strong><\/p>\n<p>&#8220;Galatasaray idaresi var. Futbola birka\u00e7 arkada\u015f bak\u0131yor. Galatasaray Lisesi&#8217;nde \u00f6d\u00fcl merasimi vard\u0131. Liderle birebir masada oturduk. Neler yap\u0131lmas\u0131 gerekti\u011fini lidere s\u00f6yledim. Lider da bana hak verdi.&#8221;<\/p>\n<p><strong>&#8220;FLORYA&#8217;YA DEVAMLI G\u0130TSEM YANLI\u015e ANLA\u015eILIR&#8221;<\/strong><\/p>\n<p>&#8220;\u0130kinci Liderimiz Metin Bey&#8217;e &#8216;Abdurrahim Bey ile konu\u015ftuk. Sana talimat veriyorum, sen arkada\u015flara bildir&#8217; dedi. Ge\u00e7en sene de \u00e7ok \u015feyleri liderle konu\u015ftuk. O da gerekli \u00f6nlemleri ald\u0131. Ben birtak\u0131m g\u00f6rd\u00fc\u011f\u00fcm aksakl\u0131klar\u0131 liderimize ilettim, o da Metin Bey&#8217;e s\u00f6yledi. Bana bunlar yak\u0131\u015f\u0131r, bunlar\u0131 yapmam laz\u0131m. \u0130dare, Galatasaray&#8217;a gecesini g\u00fcnd\u00fcz\u00fcn\u00fc vermi\u015f, \u00e7al\u0131\u015f\u0131yorlar. Ben esasen onlarla daima beraberim. Ben s\u0131k s\u0131k Florya&#8217;ya gidemem. Devaml\u0131 gitsem yanl\u0131\u015f anla\u015f\u0131l\u0131r.&#8221; tabirlerini kulland\u0131.<\/p>\n","protected":false},"excerpt":{"rendered":"<p>Galatasaray&#8217;\u0131n sevilen isimlerinden Abdurrahim Albayrak&#8217;tan k\u0131ymetli a\u00e7\u0131klamalar geldi.<\/p>\n","protected":false},"author":1,"featured_media":5317,"comment_status":"open","ping_status":"open","sticky":false,"template":"","format":"standard","meta":{"footnotes":""},"categories":[1],"tags":[255,24],"class_list":["post-5316","post","type-post","status-publish","format-standard","has-post-thumbnail","hentry","category-galatasaray-haber","tag-baskan","tag-galatasaray"],"_links":{"self":[{"href":"https:\/\/habergalatasaray.tr\/index.php\/wp-json\/wp\/v2\/posts\/5316","targetHints":{"allow":["GET"]}}],"collection":[{"href":"https:\/\/habergalatasaray.tr\/index.php\/wp-json\/wp\/v2\/posts"}],"about":[{"href":"https:\/\/habergalatasaray.tr\/index.php\/wp-json\/wp\/v2\/types\/post"}],"author":[{"embeddable":true,"href":"https:\/\/habergalatasaray.tr\/index.php\/wp-json\/wp\/v2\/users\/1"}],"replies":[{"embeddable":true,"href":"https:\/\/habergalatasaray.tr\/index.php\/wp-json\/wp\/v2\/comments?post=5316"}],"version-history":[{"count":1,"href":"https:\/\/habergalatasaray.tr\/index.php\/wp-json\/wp\/v2\/posts\/5316\/revisions"}],"predecessor-version":[{"id":5318,"href":"https:\/\/habergalatasaray.tr\/index.php\/wp-json\/wp\/v2\/posts\/5316\/revisions\/5318"}],"wp:featuredmedia":[{"embeddable":true,"href":"https:\/\/habergalatasaray.tr\/index.php\/wp-json\/wp\/v2\/media\/5317"}],"wp:attachment":[{"href":"https:\/\/habergalatasaray.tr\/index.php\/wp-json\/wp\/v2\/media?parent=5316"}],"wp:term":[{"taxonomy":"category","embeddable":true,"href":"https:\/\/habergalatasaray.tr\/index.php\/wp-json\/wp\/v2\/categories?post=5316"},{"taxonomy":"post_tag","embeddable":true,"href":"https:\/\/habergalatasaray.tr\/index.php\/wp-json\/wp\/v2\/tags?post=5316"}],"curies":[{"name":"wp","href":"https:\/\/api.w.org\/{rel}","templated":true}]}}