{"id":5328,"date":"2025-03-05T21:48:06","date_gmt":"2025-03-05T21:48:06","guid":{"rendered":"https:\/\/habergalatasaray.tr\/?p=5328"},"modified":"2025-03-05T21:48:06","modified_gmt":"2025-03-05T21:48:06","slug":"stefan-tarnovanudan-galatasaraya-transferi-sorusuna-cevap-geldi-yaz-aylarina-kadar","status":"publish","type":"post","link":"https:\/\/habergalatasaray.tr\/index.php\/2025\/03\/05\/stefan-tarnovanudan-galatasaraya-transferi-sorusuna-cevap-geldi-yaz-aylarina-kadar\/","title":{"rendered":"Stefan Tarnovanu&#8217;dan Galatasaray&#8217;a transferi sorusuna cevap geldi! &#8220;Yaz aylar\u0131na kadar&#8230;&#8221;"},"content":{"rendered":"<p>FCSB kalecisi Stefan Tarnovanu, UEFA Avrupa Ligi&#8217;nde Lyon ile oynanacak ma\u00e7 \u00f6ncesi bas\u0131n toplant\u0131s\u0131nda a\u00e7\u0131klamalarda bulundu.<\/p>\n<p><strong>GALATASARAY VE NAPOL\u0130 CEVABI<\/strong><\/p>\n<p>Stefan Tarnovanu, Galatasaray ve Napoli&#8217;nin yetkililerin kendisini bu ma\u00e7ta takip edece\u011fi taraf\u0131nda haberlerin \u00e7\u0131kmas\u0131 ile ilgili soruya kar\u015f\u0131l\u0131k verdi.<\/p>\n<p><strong>Tarnovanu&#8217;nun a\u00e7\u0131klamalar\u0131 \u015fu bi\u00e7imde:<\/strong><\/p>\n<p><strong>&#8220;TEK BA\u015eIMA BUNU YAPAMAZDIM&#8221;<\/strong><\/p>\n<p>&#8220;Tak\u0131m arkada\u015flar\u0131m sayesinde tepedeyim, tek ba\u015f\u0131ma bunu yapamazd\u0131m. Lyon ma\u00e7\u0131 \u00e7ok de\u011ferli bir ma\u00e7 ve tekrar\u0131 yok. Bu y\u00fczden buraya, kul\u00fcb\u00fcme odakland\u0131m. Yaz aylar\u0131na kadar tek niyetim bu.&#8221; s\u00f6zlerini kulland\u0131.<\/p>\n<p><img decoding=\"async\" class=\"detayFoto\" src=\"https:\/\/habergalatasaray.tr\/wp-content\/uploads\/2025\/03\/stefan-tarnovanudan-galatasaraya-transferi-sorusuna-cevap-geldi-yaz-aylarina-kadar-0-zuUM7wtg.jpg\"><\/p>\n<p><strong>47 MA\u00c7IN 19&#8217;UNDA KALES\u0130N\u0130 GOLE KAPATTI<\/strong><\/p>\n<p>24 ya\u015f\u0131ndaki Rumen kaleci, bu d\u00f6nem 47 ma\u00e7ta forma giyerken bu ma\u00e7lar\u0131n 19&#8217;unda kalesinde gole m\u00fcsaade vermedi.<\/p>\n<p><strong>2028&#8217;E KADAR MUKAVELES\u0130 VAR<\/strong><\/p>\n<p>Stefan Tarnovanu&#8217;nun Steaua B\u00fckre\u015f ile mukavelesi 2028 y\u0131l\u0131na kadar devam ediyor.<\/p>\n","protected":false},"excerpt":{"rendered":"<p>Galatasaray ile ismi an\u0131lan Stefan Tarnovanu, bas\u0131n toplant\u0131s\u0131nda a\u00e7\u0131klama yapt\u0131.<\/p>\n","protected":false},"author":1,"featured_media":5329,"comment_status":"open","ping_status":"open","sticky":false,"template":"","format":"standard","meta":{"footnotes":""},"categories":[1],"tags":[71],"class_list":["post-5328","post","type-post","status-publish","format-standard","has-post-thumbnail","hentry","category-galatasaray-haber","tag-mac"],"_links":{"self":[{"href":"https:\/\/habergalatasaray.tr\/index.php\/wp-json\/wp\/v2\/posts\/5328","targetHints":{"allow":["GET"]}}],"collection":[{"href":"https:\/\/habergalatasaray.tr\/index.php\/wp-json\/wp\/v2\/posts"}],"about":[{"href":"https:\/\/habergalatasaray.tr\/index.php\/wp-json\/wp\/v2\/types\/post"}],"author":[{"embeddable":true,"href":"https:\/\/habergalatasaray.tr\/index.php\/wp-json\/wp\/v2\/users\/1"}],"replies":[{"embeddable":true,"href":"https:\/\/habergalatasaray.tr\/index.php\/wp-json\/wp\/v2\/comments?post=5328"}],"version-history":[{"count":1,"href":"https:\/\/habergalatasaray.tr\/index.php\/wp-json\/wp\/v2\/posts\/5328\/revisions"}],"predecessor-version":[{"id":5331,"href":"https:\/\/habergalatasaray.tr\/index.php\/wp-json\/wp\/v2\/posts\/5328\/revisions\/5331"}],"wp:featuredmedia":[{"embeddable":true,"href":"https:\/\/habergalatasaray.tr\/index.php\/wp-json\/wp\/v2\/media\/5329"}],"wp:attachment":[{"href":"https:\/\/habergalatasaray.tr\/index.php\/wp-json\/wp\/v2\/media?parent=5328"}],"wp:term":[{"taxonomy":"category","embeddable":true,"href":"https:\/\/habergalatasaray.tr\/index.php\/wp-json\/wp\/v2\/categories?post=5328"},{"taxonomy":"post_tag","embeddable":true,"href":"https:\/\/habergalatasaray.tr\/index.php\/wp-json\/wp\/v2\/tags?post=5328"}],"curies":[{"name":"wp","href":"https:\/\/api.w.org\/{rel}","templated":true}]}}