{"id":5335,"date":"2025-03-06T12:36:09","date_gmt":"2025-03-06T12:36:09","guid":{"rendered":"https:\/\/habergalatasaray.tr\/?p=5335"},"modified":"2025-03-06T12:36:09","modified_gmt":"2025-03-06T12:36:09","slug":"tanju-colak-galatasaray-macindan-sonra-gordum-uzuntuden-neredeyse-aglayacakti","status":"publish","type":"post","link":"https:\/\/habergalatasaray.tr\/index.php\/2025\/03\/06\/tanju-colak-galatasaray-macindan-sonra-gordum-uzuntuden-neredeyse-aglayacakti\/","title":{"rendered":"Tanju \u00c7olak: &#8220;Galatasaray ma\u00e7\u0131ndan sonra g\u00f6rd\u00fcm, \u00fcz\u00fcnt\u00fcden neredeyse a\u011flayacakt\u0131&#8221;"},"content":{"rendered":"<p>Futbol yorumcusu Tanju \u00c7olak, Galatasaray ile ilgili yorumlarda bulundu.<\/p>\n<p><strong>\u00c7olak&#8217;\u0131n a\u00e7\u0131klamalar\u0131 \u015fu formda:<\/strong><\/p>\n<p><strong>&#8220;ALANYASPOR&#8217;A PUAN KAYBED\u0130YORSAN HAVLU AT&#8221;<\/strong><\/p>\n<p>&#8220;Okan Buruk, kolay kusurlar yap\u0131yor \u015fayet sen Alanyaspor&#8217;a da puan kaybediyorsan havlu at karde\u015fim, yenmek zorundas\u0131n. Korkmayacaks\u0131n, atak oynayacaks\u0131n.&#8221;<\/p>\n<p><strong>&#8220;OSIMHEN, NEREDEYSE A&#286;LAYACAKTI&#8221;<\/strong><\/p>\n<p>&#8220;Victor Osimhen&#8217;i Kas\u0131mpa\u015fa ma\u00e7\u0131ndan sonra g\u00f6rd\u00fcm, kederden neredeyse a\u011flayacakt\u0131. Bu h\u0131rs ve azim hangi futbolcuda var? Bana anlat\u0131n.&#8221;<\/p>\n<p><strong>&#8220;MERTENS&#8217;\u0130 \u00c7ABUK UNUTTUN&#8221;<\/strong><\/p>\n<p>&#8220;Mertens&#8217;i 90. dakikada oyuna al\u0131yorsun. Bu adam\u0131 \u00e7abuk unuttun. Son iki senede \u00f6nemli katk\u0131lar yapt\u0131. Bu hangi futbol akl\u0131na hizmet? Hi\u00e7 bilmiyorum.&#8221;<\/p>\n<p><strong>&#8220;\u015eAMP\u0130YON OLMAK \u0130ST\u0130YORSAN YEDEK KUL\u00dcBEN G\u00dc\u00c7L\u00dc OLACAK&#8221;<\/strong><\/p>\n<p>&#8220;Yap\u0131lan transferler ortada. Fenerbah\u00e7e&#8217;nin yedeklerine bak, bir de Galatasaray&#8217;\u0131n yedeklerine bak. Bir kadro \u015fampiyon olmak istiyorsa yedek kul\u00fcbesi g\u00fc\u00e7l\u00fc olacak.&#8221;<\/p>\n<p><strong>Kaynak: habersarikirmizi.com<\/strong><\/p>\n","protected":false},"excerpt":{"rendered":"<p>Galatasaray&#8217;daki makus gidi\u015fat sonras\u0131nda g\u00f6zler S\u00fcper Lig&#8217;de oynanacak Alanyaspor ma\u00e7\u0131na \u00e7evrildi.<\/p>\n","protected":false},"author":1,"featured_media":5336,"comment_status":"open","ping_status":"open","sticky":false,"template":"","format":"standard","meta":{"footnotes":""},"categories":[1],"tags":[],"class_list":["post-5335","post","type-post","status-publish","format-standard","has-post-thumbnail","hentry","category-galatasaray-haber"],"_links":{"self":[{"href":"https:\/\/habergalatasaray.tr\/index.php\/wp-json\/wp\/v2\/posts\/5335","targetHints":{"allow":["GET"]}}],"collection":[{"href":"https:\/\/habergalatasaray.tr\/index.php\/wp-json\/wp\/v2\/posts"}],"about":[{"href":"https:\/\/habergalatasaray.tr\/index.php\/wp-json\/wp\/v2\/types\/post"}],"author":[{"embeddable":true,"href":"https:\/\/habergalatasaray.tr\/index.php\/wp-json\/wp\/v2\/users\/1"}],"replies":[{"embeddable":true,"href":"https:\/\/habergalatasaray.tr\/index.php\/wp-json\/wp\/v2\/comments?post=5335"}],"version-history":[{"count":1,"href":"https:\/\/habergalatasaray.tr\/index.php\/wp-json\/wp\/v2\/posts\/5335\/revisions"}],"predecessor-version":[{"id":5337,"href":"https:\/\/habergalatasaray.tr\/index.php\/wp-json\/wp\/v2\/posts\/5335\/revisions\/5337"}],"wp:featuredmedia":[{"embeddable":true,"href":"https:\/\/habergalatasaray.tr\/index.php\/wp-json\/wp\/v2\/media\/5336"}],"wp:attachment":[{"href":"https:\/\/habergalatasaray.tr\/index.php\/wp-json\/wp\/v2\/media?parent=5335"}],"wp:term":[{"taxonomy":"category","embeddable":true,"href":"https:\/\/habergalatasaray.tr\/index.php\/wp-json\/wp\/v2\/categories?post=5335"},{"taxonomy":"post_tag","embeddable":true,"href":"https:\/\/habergalatasaray.tr\/index.php\/wp-json\/wp\/v2\/tags?post=5335"}],"curies":[{"name":"wp","href":"https:\/\/api.w.org\/{rel}","templated":true}]}}