{"id":5356,"date":"2025-03-06T18:48:09","date_gmt":"2025-03-06T18:48:09","guid":{"rendered":"https:\/\/habergalatasaray.tr\/?p=5356"},"modified":"2025-03-06T18:48:09","modified_gmt":"2025-03-06T18:48:09","slug":"okan-buruk-ile-galatasarayli-taraftar-arasinda-dikkat-ceken-diyalog","status":"publish","type":"post","link":"https:\/\/habergalatasaray.tr\/index.php\/2025\/03\/06\/okan-buruk-ile-galatasarayli-taraftar-arasinda-dikkat-ceken-diyalog\/","title":{"rendered":"Okan Buruk ile Galatasarayl\u0131 taraftar aras\u0131nda dikkat \u00e7eken diyalog"},"content":{"rendered":"<p>Galatasaray, Kas\u0131mpa\u015fa beraberli\u011fi sonras\u0131nda Fenerbah\u00e7e ile puan fark\u0131n\u0131n 4&#8217;e d\u00fc\u015fmesi nedeniyle Antalya\u2019da kamp yapma karar\u0131 ald\u0131.<\/p>\n<p><strong>ALANYASPOR MA\u00c7I \u00d6NCES\u0130 3 G\u00dcNL\u00dcK KAMP<\/strong><\/p>\n<p>Sar\u0131 k\u0131rm\u0131z\u0131l\u0131lar, 9 Mart Pazar g\u00fcn\u00fc deplasmanda oynayaca\u011f\u0131 Alanyaspor ma\u00e7\u0131 \u00f6ncesi 3 g\u00fcnl\u00fck kampa girdi. <\/p>\n<p><strong>YO&#286;UN G\u00dcVENL\u0130K TEDB\u0130RLER\u0130 ALINDI<\/strong><\/p>\n<p>Galatasaray, saat 16.00\u2019da \u0130stanbul\u2019dan \u00f6zel u\u00e7akla Antalya\u2019ya hareket etti. Saat 17.00 s\u0131ralar\u0131nda kente gelen Galatasaray kafilesi, a\u011f\u0131r g\u00fcvenlik tedbirleri alt\u0131nda otob\u00fcse bindi.<\/p>\n<p><strong>TARAFTARLAR, 500 METRE UZAKTA KALDI<\/strong><\/p>\n<p>Antalya Havaliman\u0131&#8217;nda Galatasaray\u2019\u0131 kar\u015f\u0131lamaya gelen taraftarlar al\u0131nmazken, bas\u0131n mensuplar\u0131 da yakla\u015f\u0131k 500 metre uzakl\u0131kta kurulan bariyerlere kadar m\u00fcsaade verildi. <\/p>\n<p>Futbolcular ve teknik heyet VIP kap\u0131s\u0131ndan \u00e7\u0131karak kendilerini bekleyen otob\u00fcse binerek Belek\u2019te konaklayacaklar\u0131 otele ge\u00e7ti.<\/p>\n<p>Galatasaray&#8217;\u0131 kar\u015f\u0131lamak i\u00e7in Antalya Havaliman\u0131 VIP giri\u015fine gelen yakla\u015f\u0131k 50 taraftar, polis gruplar\u0131 taraf\u0131ndan yasak oldu\u011fu gerek\u00e7esiyle d\u0131\u015far\u0131ya g\u00f6nderildi. <\/p>\n<p>Bir m\u00fcddet polis tak\u0131mlar\u0131na durumu anlatmaya \u00e7al\u0131\u015fan taraftarlar, tak\u0131mlar\u0131n kesin tavr\u0131 sonucunda havaalan\u0131 d\u0131\u015f\u0131na giderek kadrosu beklemeye ba\u015flad\u0131. <\/p>\n<p><strong>OKAN BURUK \u0130LE D\u0130KKAT \u00c7EKEN D\u0130YALOG<\/strong><\/p>\n<p>Havaalan\u0131 VIP giri\u015finde bekleyen taraftarlar grup otob\u00fcs\u00fcn\u00fc durdurarak teknik y\u00f6netici Okan Buruk&#8217;a \u00e7i\u00e7ek takdim etti. <\/p>\n<p>&#8220;Okan Buruk&#8221; tezah\u00fcratlar\u0131yla kar\u015f\u0131lanan deneyimli teknik adam, kimi taraftarlar\u0131n foto\u011fraf \u00e7ekim iste\u011fini de k\u0131rmad\u0131.<\/p>\n<p>Baz\u0131 taraftarlar\u0131n &#8220;Hocam rahat olun&#8221; telaffuzuna Okan Buruk ise &#8220;Rahat\u0131z merak etmeyin&#8221; diye kar\u015f\u0131l\u0131k verdi. Foto\u011fraf \u00e7ekiminin akabinde Galatasaray kafilesi konaklayaca\u011f\u0131 otele yanl\u0131\u015fs\u0131z hareket etti.<\/p>\n<p><img decoding=\"async\" class=\"detayFoto\" src=\"https:\/\/habergalatasaray.tr\/wp-content\/uploads\/2025\/03\/okan-buruk-ile-galatasarayli-taraftar-arasinda-dikkat-ceken-diyalog-0-Tb6Ife4T.jpg\"><\/p>\n<p><strong>KAMP KADROSU<\/strong><\/p>\n<p>Galatasaray\u2019\u0131n Antalya kamp tak\u0131m\u0131nda Muslera, Ey\u00fcp Ayd\u0131n, Sanchez, Sallai, Kerem Demirbay, Mertens, Yunus Akg\u00fcn, Eren Elmal\u0131, Berkan Kutlu, G\u00fcnay G\u00fcven\u00e7, Sara, Ahmed Kutucu, Kaan Ayhan, Jelert, Cuesta, Frankowski, Yusuf Demir, Torreira, Atakan Ordu, Abdulkerim Bardakc\u0131, Osimhen, Jankat Y\u0131lmaz, Bar\u0131\u015f Alper Y\u0131lmaz, Berat Lu\u015f, Morata, Efe Akman, Metehan Baltac\u0131 ve Lemina yer ald\u0131.<\/p>\n","protected":false},"excerpt":{"rendered":"<p>Galatasaray&#8217;da Alanyaspor ma\u00e7\u0131 \u00f6ncesi adeta inan\u0131lmaz seferberlik ilan edildi.<\/p>\n","protected":false},"author":1,"featured_media":5357,"comment_status":"open","ping_status":"open","sticky":false,"template":"","format":"standard","meta":{"footnotes":""},"categories":[1],"tags":[382],"class_list":["post-5356","post","type-post","status-publish","format-standard","has-post-thumbnail","hentry","category-galatasaray-haber","tag-taraftarlar"],"_links":{"self":[{"href":"https:\/\/habergalatasaray.tr\/index.php\/wp-json\/wp\/v2\/posts\/5356","targetHints":{"allow":["GET"]}}],"collection":[{"href":"https:\/\/habergalatasaray.tr\/index.php\/wp-json\/wp\/v2\/posts"}],"about":[{"href":"https:\/\/habergalatasaray.tr\/index.php\/wp-json\/wp\/v2\/types\/post"}],"author":[{"embeddable":true,"href":"https:\/\/habergalatasaray.tr\/index.php\/wp-json\/wp\/v2\/users\/1"}],"replies":[{"embeddable":true,"href":"https:\/\/habergalatasaray.tr\/index.php\/wp-json\/wp\/v2\/comments?post=5356"}],"version-history":[{"count":1,"href":"https:\/\/habergalatasaray.tr\/index.php\/wp-json\/wp\/v2\/posts\/5356\/revisions"}],"predecessor-version":[{"id":5359,"href":"https:\/\/habergalatasaray.tr\/index.php\/wp-json\/wp\/v2\/posts\/5356\/revisions\/5359"}],"wp:featuredmedia":[{"embeddable":true,"href":"https:\/\/habergalatasaray.tr\/index.php\/wp-json\/wp\/v2\/media\/5357"}],"wp:attachment":[{"href":"https:\/\/habergalatasaray.tr\/index.php\/wp-json\/wp\/v2\/media?parent=5356"}],"wp:term":[{"taxonomy":"category","embeddable":true,"href":"https:\/\/habergalatasaray.tr\/index.php\/wp-json\/wp\/v2\/categories?post=5356"},{"taxonomy":"post_tag","embeddable":true,"href":"https:\/\/habergalatasaray.tr\/index.php\/wp-json\/wp\/v2\/tags?post=5356"}],"curies":[{"name":"wp","href":"https:\/\/api.w.org\/{rel}","templated":true}]}}