{"id":5360,"date":"2025-03-06T19:00:05","date_gmt":"2025-03-06T19:00:05","guid":{"rendered":"https:\/\/habergalatasaray.tr\/?p=5360"},"modified":"2025-03-06T19:00:05","modified_gmt":"2025-03-06T19:00:05","slug":"ahmet-yuceden-fenerbahceye-gonderme-galatasaraylilardan-rica-ediyorum","status":"publish","type":"post","link":"https:\/\/habergalatasaray.tr\/index.php\/2025\/03\/06\/ahmet-yuceden-fenerbahceye-gonderme-galatasaraylilardan-rica-ediyorum\/","title":{"rendered":"Ahmet Y\u00fcce&#8217;den Fenerbah\u00e7e&#8217;ye g\u00f6nderme! &#8220;Galatasarayl\u0131lardan rica ediyorum&#8230;&#8221;"},"content":{"rendered":"<p>Galatasaray toplulu\u011funun k\u0131ymetli isimlerinden Ahmet Ulu, \u015fampiyonluk yar\u0131\u015f\u0131 ve Yap\u0131 sorunu hakk\u0131nda Eski A\u00e7\u0131k&#8217;a konu\u015ftu.<\/p>\n<p><strong>Y\u00fcce&#8217;nin a\u00e7\u0131klamalar\u0131 \u015fu bi\u00e7imde:<\/strong><\/p>\n<p><strong>&#8220;KEND\u0130LER\u0130N\u0130 \u00d6NDER ZANNED\u0130YORLAR&#8221;<\/strong><\/p>\n<p>&#8220;\u0130kinci s\u0131rada olan\u0131n kendini ba\u015fkan zannetti\u011fi farkl\u0131 bir s\u00fcre\u00e7ten ge\u00e7iyoruz. Ge\u00e7mi\u015fte de bu t\u00fcrl\u00fc ill\u00fczyonlarla kar\u015f\u0131la\u015ft\u0131k ve yan\u0131t\u0131 her vakit alanda tarih yazarak verdik.&#8221;<\/p>\n<p><strong>&#8220;\u015eAMP\u0130YONLUK ALANDA KAZANILIR, UNUTMALARI NORMAL&#8221;<\/strong><\/p>\n<p> &#8220;10 y\u0131ld\u0131r \u015fampiyon olamayan bir kadronun, \u015fampiyonluklar\u0131n alanda kazan\u0131ld\u0131\u011f\u0131n\u0131 unutmas\u0131n\u0131 pek ola\u011fan kar\u015f\u0131l\u0131yorum. Bu sebeple, saha d\u0131\u015f\u0131 g\u00fcndemler ile kamuoyunu me\u015fgul etmeye devam ediyorlar.&#8221;<\/p>\n<p><strong>&#8220;G\u00dcVEN\u0130M\u0130Z TAMDIR&#8221;<\/strong><\/p>\n<p>&#8220;Herkes bilsin ki Galatasaray toplulu\u011fu, d\u0131\u015far\u0131dan gelen t\u00fcm h\u00fccumlara kar\u015f\u0131 kenetlenmi\u015f durumdad\u0131r. T\u00fcm Galatasarayl\u0131lar\u0131n, teknik y\u00f6neticimiz Okan Buruk\u2019a, tak\u0131m\u0131na ve futbolcular\u0131m\u0131za itimad\u0131 tamd\u0131r.&#8221;<\/p>\n<p><strong>&#8220;B\u0130R YAPI VAR, O DA&#8230;&#8221;<\/strong><\/p>\n<p>&#8220;Gelelim yap\u0131 sorununa&#8230; Spor kul\u00fcb\u00fcn\u00fcn \u00fcst\u00fcne plaza \u00fcniversitesi kurarak k\u00fclt\u00fcr in\u015fa edemezsiniz. Evet, bir yap\u0131 var; o yap\u0131 da 500 y\u0131l\u0131 a\u015fk\u0131n onurlu ve ulu tarihiyle Galatasaray Lisesi\u2019nin Beyo\u011flu\u2019ndaki yap\u0131s\u0131d\u0131r. Bu yap\u0131, b\u00fct\u00fcn T\u00fcrkiye\u2019nin gurur duydu\u011fu, T\u00fcrkiye Cumhuriyeti\u2019nin fikri temellerinin at\u0131ld\u0131\u011f\u0131 ve 544 y\u0131ll\u0131k tarihi boyunca \u00e7ok k\u0131ymetli be\u015ferler yeti\u015ftirmi\u015f bir yap\u0131d\u0131r. \u015eu bilinmelidir ki Galatasaray, k\u00fclt\u00fcr\u00fcn simgesi ve sporun be\u015fi\u011fi olmay\u0131 s\u00fcrd\u00fcrecek, kurulu\u015f prensiplerinden asla taviz vermeden yoluna devam edecektir.&#8221;<\/p>\n<p><strong>&#8220;BUG\u00dcN BA\u015eKANIZ, MAYIS&#8217;TA DA \u015eAMP\u0130YON OLACA&#286;IZ&#8221;<\/strong><\/p>\n<p>&#8220;Galatasaray taraftar\u0131ndan ricam, Galatasaray\u2019\u0131 saha d\u0131\u015f\u0131na \u00e7\u0131karmak isteyenlere f\u0131rsat vermemeleridir. Her vakit oldu\u011fu \u00fczere 25. \u015fampiyonlu\u011fumuzu da alanda aslanlar \u00fczere gayret ederek kazanaca\u011f\u0131z. Bug\u00fcn \u00f6nderiz ve May\u0131s\u2019ta \u015fampiyon olaca\u011f\u0131z.&#8221; tabirlerini kulland\u0131.<\/p>\n","protected":false},"excerpt":{"rendered":"<p>Galatasaray&#8217;a kar\u015f\u0131 yap\u0131lan operasyonlar sonras\u0131nda toplulu\u011fun de\u011ferli isimleri harekete ge\u00e7erek kenetlenme daveti yap\u0131yor.<\/p>\n","protected":false},"author":1,"featured_media":5361,"comment_status":"open","ping_status":"open","sticky":false,"template":"","format":"standard","meta":{"footnotes":""},"categories":[1],"tags":[37,24,372,72,131],"class_list":["post-5360","post","type-post","status-publish","format-standard","has-post-thumbnail","hentry","category-galatasaray-haber","tag-bir","tag-galatasaray","tag-saha","tag-sampiyon","tag-yapi"],"_links":{"self":[{"href":"https:\/\/habergalatasaray.tr\/index.php\/wp-json\/wp\/v2\/posts\/5360","targetHints":{"allow":["GET"]}}],"collection":[{"href":"https:\/\/habergalatasaray.tr\/index.php\/wp-json\/wp\/v2\/posts"}],"about":[{"href":"https:\/\/habergalatasaray.tr\/index.php\/wp-json\/wp\/v2\/types\/post"}],"author":[{"embeddable":true,"href":"https:\/\/habergalatasaray.tr\/index.php\/wp-json\/wp\/v2\/users\/1"}],"replies":[{"embeddable":true,"href":"https:\/\/habergalatasaray.tr\/index.php\/wp-json\/wp\/v2\/comments?post=5360"}],"version-history":[{"count":1,"href":"https:\/\/habergalatasaray.tr\/index.php\/wp-json\/wp\/v2\/posts\/5360\/revisions"}],"predecessor-version":[{"id":5362,"href":"https:\/\/habergalatasaray.tr\/index.php\/wp-json\/wp\/v2\/posts\/5360\/revisions\/5362"}],"wp:featuredmedia":[{"embeddable":true,"href":"https:\/\/habergalatasaray.tr\/index.php\/wp-json\/wp\/v2\/media\/5361"}],"wp:attachment":[{"href":"https:\/\/habergalatasaray.tr\/index.php\/wp-json\/wp\/v2\/media?parent=5360"}],"wp:term":[{"taxonomy":"category","embeddable":true,"href":"https:\/\/habergalatasaray.tr\/index.php\/wp-json\/wp\/v2\/categories?post=5360"},{"taxonomy":"post_tag","embeddable":true,"href":"https:\/\/habergalatasaray.tr\/index.php\/wp-json\/wp\/v2\/tags?post=5360"}],"curies":[{"name":"wp","href":"https:\/\/api.w.org\/{rel}","templated":true}]}}