{"id":5396,"date":"2025-03-07T14:00:08","date_gmt":"2025-03-07T14:00:08","guid":{"rendered":"https:\/\/habergalatasaray.tr\/?p=5396"},"modified":"2025-03-07T14:00:08","modified_gmt":"2025-03-07T14:00:08","slug":"erden-timur-geleyim-galatasarayda-sezon-sonuna-kadar-floryayi-toplarlayayim","status":"publish","type":"post","link":"https:\/\/habergalatasaray.tr\/index.php\/2025\/03\/07\/erden-timur-geleyim-galatasarayda-sezon-sonuna-kadar-floryayi-toplarlayayim\/","title":{"rendered":"Erden Timur: &#8220;Geleyim, Galatasaray&#8217;da sezon sonuna kadar Florya&#8217;y\u0131 toplarlayay\u0131m&#8221;"},"content":{"rendered":"<p>Vole Youtube kanal\u0131nda Ilgaz \u00c7\u0131nar, Galatasaray&#8217;\u0131n g\u00fcndemiyle ilgili yorumlarda bulundu.<\/p>\n<p><strong>\u00c7\u0131nar&#8217;\u0131n a\u00e7\u0131klamalar\u0131 \u015fu halde:<\/strong><\/p>\n<p><strong>&#8220;ERDEN T\u0130MUR, &#8216;GELEY\u0130M, FLORYA&#8217;YI TOPARLAYAYIM&#8217; D\u0130YOR&#8221;<\/strong><\/p>\n<p>&#8220;Benim bildi\u011fim Erden Timur, Fenerbah\u00e7e derbisi \u00f6ncesi bir istekte bulunuyor. Bir ma\u00e7l\u0131k da de\u011fil, &#8216;Geleyim, d\u00f6nem sonuna kadar Florya&#8217;y\u0131 toplarlayay\u0131m.&#8217; diye&#8230; Galatasaray idaresinden olumsuz tutum da de\u011fil, kar\u015f\u0131l\u0131k alam\u0131yor. Ask\u0131da kal\u0131yor. Olumlu da olumsuz da cevap verilmiyor. <\/p>\n<p><strong>&#8220;BEN OLSAM KABUL EDERD\u0130M&#8221;<\/strong><\/p>\n<p>&#8220;Ben idare yerinde olsam kabul ederdim. Be\u015ferler yapt\u0131\u011f\u0131 yanl\u0131\u015flar\u0131 kabul ederek b\u00fcy\u00fcrler.&#8221;<\/p>\n<p><strong>&#8220;\u015e\u0130MD\u0130 KADIK\u00d6Y&#8217;DE N\u0130\u00c7\u0130N YERL\u0130 HAKEM&#8221;<\/strong><\/p>\n<p>&#8220;Galatasaray &#8211; Fenerbah\u00e7e derbisinde bu kadar de\u011fer veriyorsan\u0131z; yabanc\u0131 hakemler, a\u011f\u0131r g\u00fcvenlik tedbirleri, ma\u00e7 \u00f6ncesi d\u00f6rt sefer aranan taraftarlar&#8230; Art\u0131k Kad\u0131k\u00f6y&#8217;de ni\u00e7in yerli hakem? Slavko Vincic ma\u00e7\u0131 y\u00f6nettikten sonra bizim T\u00fcrk hakemlere g\u00f6kten zembille Vincic kurallar\u0131 gelip hepsi o kurallar\u0131 hatim mi etti?&#8221;<\/p>\n<p><strong>&#8220;GALATASARAY, TALEPTE BULUNMALI&#8221;<\/strong><\/p>\n<p>&#8220;Galatasaray, TFF&#8217;ye kupa ma\u00e7\u0131 i\u00e7in &#8220;Biz bu ma\u00e7a yabanc\u0131 hakem ve birebir formda a\u011f\u0131r g\u00fcvenlik tedbirleri istiyoruz&#8217; diye talepte bulunmal\u0131. Yabanc\u0131 hakem gelmezse bu ma\u00e7a \u00e7\u0131k\u0131p \u00e7\u0131kmama konusunda d\u00fc\u015f\u00fcnmeli.&#8221; s\u00f6zlerini kulland\u0131.<\/p>\n<p><strong>Kaynak: habersarikirmizi.com<\/strong><\/p>\n","protected":false},"excerpt":{"rendered":"<p>Galatasaray&#8217;da Alanyaspor ile oynanacak ma\u00e7 \u00f6ncesi a\u011f\u0131r bir g\u00fcndem ya\u015fan\u0131yor.<\/p>\n","protected":false},"author":1,"featured_media":5397,"comment_status":"open","ping_status":"open","sticky":false,"template":"","format":"standard","meta":{"footnotes":""},"categories":[1],"tags":[24,130,71],"class_list":["post-5396","post","type-post","status-publish","format-standard","has-post-thumbnail","hentry","category-galatasaray-haber","tag-galatasaray","tag-hakem","tag-mac"],"_links":{"self":[{"href":"https:\/\/habergalatasaray.tr\/index.php\/wp-json\/wp\/v2\/posts\/5396","targetHints":{"allow":["GET"]}}],"collection":[{"href":"https:\/\/habergalatasaray.tr\/index.php\/wp-json\/wp\/v2\/posts"}],"about":[{"href":"https:\/\/habergalatasaray.tr\/index.php\/wp-json\/wp\/v2\/types\/post"}],"author":[{"embeddable":true,"href":"https:\/\/habergalatasaray.tr\/index.php\/wp-json\/wp\/v2\/users\/1"}],"replies":[{"embeddable":true,"href":"https:\/\/habergalatasaray.tr\/index.php\/wp-json\/wp\/v2\/comments?post=5396"}],"version-history":[{"count":1,"href":"https:\/\/habergalatasaray.tr\/index.php\/wp-json\/wp\/v2\/posts\/5396\/revisions"}],"predecessor-version":[{"id":5398,"href":"https:\/\/habergalatasaray.tr\/index.php\/wp-json\/wp\/v2\/posts\/5396\/revisions\/5398"}],"wp:featuredmedia":[{"embeddable":true,"href":"https:\/\/habergalatasaray.tr\/index.php\/wp-json\/wp\/v2\/media\/5397"}],"wp:attachment":[{"href":"https:\/\/habergalatasaray.tr\/index.php\/wp-json\/wp\/v2\/media?parent=5396"}],"wp:term":[{"taxonomy":"category","embeddable":true,"href":"https:\/\/habergalatasaray.tr\/index.php\/wp-json\/wp\/v2\/categories?post=5396"},{"taxonomy":"post_tag","embeddable":true,"href":"https:\/\/habergalatasaray.tr\/index.php\/wp-json\/wp\/v2\/tags?post=5396"}],"curies":[{"name":"wp","href":"https:\/\/api.w.org\/{rel}","templated":true}]}}