{"id":5467,"date":"2025-03-08T15:36:07","date_gmt":"2025-03-08T15:36:07","guid":{"rendered":"https:\/\/habergalatasaray.tr\/?p=5467"},"modified":"2025-03-08T15:36:07","modified_gmt":"2025-03-08T15:36:07","slug":"carlos-cuesta-galatasaraya-geldigi-gibi-gidiyor-sergio-ramosun-yanina-transfer-edecekler","status":"publish","type":"post","link":"https:\/\/habergalatasaray.tr\/index.php\/2025\/03\/08\/carlos-cuesta-galatasaraya-geldigi-gibi-gidiyor-sergio-ramosun-yanina-transfer-edecekler\/","title":{"rendered":"Carlos Cuesta, Galatasaray&#8217;a geldi\u011fi gibi gidiyor! Sergio Ramos&#8217;un yan\u0131na transfer edecekler!"},"content":{"rendered":"<p>Galatasaray\u2019\u0131n Kas\u0131mpa\u015fa ile oynad\u0131\u011f\u0131 ma\u00e7ta yapt\u0131\u011f\u0131 yanl\u0131\u015fla b\u00fcy\u00fck tenkit alan Carlos Cuesta ile ilgili fla\u015f bir geli\u015fme ya\u015fand\u0131.<\/p>\n<p><strong>MONTERREY TRANSFER ETMEK \u0130ST\u0130YOR<\/strong><\/p>\n<p>Meksika bas\u0131n\u0131nda yer alan habere nazaran; Monterrey, Galatasarayl\u0131 Cuesta\u2019y\u0131 istiyor.<\/p>\n<p><strong>SERGIO RAMOS\u2019UN PARTNER\u0130 OLACAK<\/strong><\/p>\n<p>Haberde Monterrey Teknik Y\u00f6neticisi Demichelis\u2019in Sergio Ramos\u2019un yan\u0131nda Cuesta\u2019y\u0131 istedi\u011fi tabir edildi.<\/p>\n<p><img decoding=\"async\" class=\"detayFoto\" src=\"https:\/\/habergalatasaray.tr\/wp-content\/uploads\/2025\/03\/carlos-cuesta-galatasaraya-geldigi-gibi-gidiyor-sergio-ramosun-yanina-transfer-edecekler-0-3jm1IN61.jpg\"><\/p>\n<p><strong>M\u0130LL\u0130 GRUP AVANTAJI<\/strong><\/p>\n<p>Cuesta\u2019n\u0131n, 2022 Katar D\u00fcnya Kupas\u0131 ve 2024 Copa Amerika\u2019da Kolombiya Ulusal Grubu ile ba\u015far\u0131l\u0131 performans sergilemesinin bu transferde k\u0131ymet arz etti\u011fi aktar\u0131ld\u0131.<\/p>\n<p><strong>Kaynak: habersarikirmizi.com<\/strong><\/p>\n","protected":false},"excerpt":{"rendered":"<p>Galatasaray\u2019\u0131n orta transfer d\u00f6neminde Genk\u2019ten 8 milyon Euro&#8217;ya tak\u0131m\u0131na katt\u0131\u011f\u0131 Carlos Cuesta ile ilgili s\u00fcrpriz bir transfer geli\u015fmesi ya\u015fand\u0131.<\/p>\n","protected":false},"author":1,"featured_media":5468,"comment_status":"open","ping_status":"open","sticky":false,"template":"","format":"standard","meta":{"footnotes":""},"categories":[1],"tags":[],"class_list":["post-5467","post","type-post","status-publish","format-standard","has-post-thumbnail","hentry","category-galatasaray-haber"],"_links":{"self":[{"href":"https:\/\/habergalatasaray.tr\/index.php\/wp-json\/wp\/v2\/posts\/5467","targetHints":{"allow":["GET"]}}],"collection":[{"href":"https:\/\/habergalatasaray.tr\/index.php\/wp-json\/wp\/v2\/posts"}],"about":[{"href":"https:\/\/habergalatasaray.tr\/index.php\/wp-json\/wp\/v2\/types\/post"}],"author":[{"embeddable":true,"href":"https:\/\/habergalatasaray.tr\/index.php\/wp-json\/wp\/v2\/users\/1"}],"replies":[{"embeddable":true,"href":"https:\/\/habergalatasaray.tr\/index.php\/wp-json\/wp\/v2\/comments?post=5467"}],"version-history":[{"count":1,"href":"https:\/\/habergalatasaray.tr\/index.php\/wp-json\/wp\/v2\/posts\/5467\/revisions"}],"predecessor-version":[{"id":5470,"href":"https:\/\/habergalatasaray.tr\/index.php\/wp-json\/wp\/v2\/posts\/5467\/revisions\/5470"}],"wp:featuredmedia":[{"embeddable":true,"href":"https:\/\/habergalatasaray.tr\/index.php\/wp-json\/wp\/v2\/media\/5468"}],"wp:attachment":[{"href":"https:\/\/habergalatasaray.tr\/index.php\/wp-json\/wp\/v2\/media?parent=5467"}],"wp:term":[{"taxonomy":"category","embeddable":true,"href":"https:\/\/habergalatasaray.tr\/index.php\/wp-json\/wp\/v2\/categories?post=5467"},{"taxonomy":"post_tag","embeddable":true,"href":"https:\/\/habergalatasaray.tr\/index.php\/wp-json\/wp\/v2\/tags?post=5467"}],"curies":[{"name":"wp","href":"https:\/\/api.w.org\/{rel}","templated":true}]}}