{"id":5550,"date":"2025-03-09T22:00:04","date_gmt":"2025-03-09T22:00:04","guid":{"rendered":"https:\/\/habergalatasaray.tr\/?p=5550"},"modified":"2025-03-09T22:00:04","modified_gmt":"2025-03-09T22:00:04","slug":"gunay-guvenc-bos-yere-kirmizi-kart-gormus-gercekler-sok-etti","status":"publish","type":"post","link":"https:\/\/habergalatasaray.tr\/index.php\/2025\/03\/09\/gunay-guvenc-bos-yere-kirmizi-kart-gormus-gercekler-sok-etti\/","title":{"rendered":"G\u00fcnay G\u00fcven\u00e7, bo\u015f yere k\u0131rm\u0131z\u0131 kart g\u00f6rm\u00fc\u015f! Ger\u00e7ekler \u015fok etti!"},"content":{"rendered":"<p>Galatasaray&#8217;\u0131n Alanyaspor ile oynad\u0131\u011f\u0131 u\u011fra\u015f\u0131n devre ortas\u0131nda G\u00fcnay G\u00fcven\u00e7 k\u0131rm\u0131z\u0131 kart g\u00f6rd\u00fc.<\/p>\n<p>Koridorda ya\u015fanan olayla ilgili ortaya \u00e7\u0131kan ger\u00e7ekler ise \u015fok etti.<\/p>\n<p>Galatasaray muhabiri Metin Karaba\u015f, G\u00fcnay G\u00fcven\u00e7&#8217;in k\u0131rm\u0131z\u0131 kart g\u00f6rmesiyle ilgili skandal ayr\u0131nt\u0131s\u0131 aktard\u0131.<\/p>\n<p><strong>Karaba\u015f&#8217;\u0131n a\u00e7\u0131klamalar\u0131 \u015fu bi\u00e7imde:<\/strong><\/p>\n<p><strong>&#8220;KOR\u0130DORDA D\u0130YALO&#286;A G\u0130R\u0130YOR&#8221;<\/strong><\/p>\n<p>&#8220;G\u00fcnay devre ortas\u0131nda koridorda Alanyaspor Genel Koordinat\u00f6r\u00fc Mevl\u00fcthan \u00c7avu\u015fo\u011flu ile diyalo\u011fa giriyor. Hakem bu tart\u0131\u015fma sonras\u0131 k\u0131rm\u0131z\u0131 kart g\u00f6steriyor.&#8221;<\/p>\n<p><strong>&#8220;G\u00dcNAY&#8217;IN MAK\u00dbS B\u0130R KELAMI OLMADI&#286;INI S\u00d6YLED\u0130&#8221;<\/strong><\/p>\n<p>&#8220;\u0130lgin\u00e7 olan Mevl\u00fcthan \u00c7avu\u015fo\u011flu, &lsquo;G\u00fcnay\u2019\u0131 neden att\u0131n\u0131z? Bana rastgele bir mak\u00fbs kelam\u0131 olmad\u0131\u2019 dedi. Bunu g\u00f6zlemciler de duydu.&#8221; tabirlerini kulland\u0131.<\/p>\n","protected":false},"excerpt":{"rendered":"<p>Galatasaray&#8217;a kar\u015f\u0131 yap\u0131lan bir operasyon daha ortaya \u00e7\u0131kt\u0131.<\/p>\n","protected":false},"author":1,"featured_media":5551,"comment_status":"open","ping_status":"open","sticky":false,"template":"","format":"standard","meta":{"footnotes":""},"categories":[1],"tags":[391],"class_list":["post-5550","post","type-post","status-publish","format-standard","has-post-thumbnail","hentry","category-galatasaray-haber","tag-gunay"],"_links":{"self":[{"href":"https:\/\/habergalatasaray.tr\/index.php\/wp-json\/wp\/v2\/posts\/5550","targetHints":{"allow":["GET"]}}],"collection":[{"href":"https:\/\/habergalatasaray.tr\/index.php\/wp-json\/wp\/v2\/posts"}],"about":[{"href":"https:\/\/habergalatasaray.tr\/index.php\/wp-json\/wp\/v2\/types\/post"}],"author":[{"embeddable":true,"href":"https:\/\/habergalatasaray.tr\/index.php\/wp-json\/wp\/v2\/users\/1"}],"replies":[{"embeddable":true,"href":"https:\/\/habergalatasaray.tr\/index.php\/wp-json\/wp\/v2\/comments?post=5550"}],"version-history":[{"count":1,"href":"https:\/\/habergalatasaray.tr\/index.php\/wp-json\/wp\/v2\/posts\/5550\/revisions"}],"predecessor-version":[{"id":5552,"href":"https:\/\/habergalatasaray.tr\/index.php\/wp-json\/wp\/v2\/posts\/5550\/revisions\/5552"}],"wp:featuredmedia":[{"embeddable":true,"href":"https:\/\/habergalatasaray.tr\/index.php\/wp-json\/wp\/v2\/media\/5551"}],"wp:attachment":[{"href":"https:\/\/habergalatasaray.tr\/index.php\/wp-json\/wp\/v2\/media?parent=5550"}],"wp:term":[{"taxonomy":"category","embeddable":true,"href":"https:\/\/habergalatasaray.tr\/index.php\/wp-json\/wp\/v2\/categories?post=5550"},{"taxonomy":"post_tag","embeddable":true,"href":"https:\/\/habergalatasaray.tr\/index.php\/wp-json\/wp\/v2\/tags?post=5550"}],"curies":[{"name":"wp","href":"https:\/\/api.w.org\/{rel}","templated":true}]}}